{"id":3324,"date":"2024-01-29T19:18:12","date_gmt":"2024-01-29T22:18:12","guid":{"rendered":"https:\/\/www.alaresinternet.com.br\/?post_type=indoalem&#038;p=3324"},"modified":"2025-10-09T15:21:55","modified_gmt":"2025-10-09T15:21:55","slug":"janeiro-branco","status":"publish","type":"post","link":"https:\/\/www.alaresinternet.com.br\/indoalem\/saude-mental\/janeiro-branco\/","title":{"rendered":"Janeiro Branco:\u00a0 como come\u00e7ar o ano com a sa\u00fade mental em dia"},"content":{"rendered":"<p><b>Janeiro Branco \u00e9 uma campanha dedicada a promover a sa\u00fade mental por meio do incentivo a atividades voltadas para o bem-estar psicol\u00f3gico das pessoas.<\/b><\/p>\n<p><span style=\"font-weight: 400;\">O primeiro m\u00eas do ano \u00e9 um per\u00edodo de reflex\u00e3o para muitas pessoas. Nessa \u00e9poca, \u00e9 natural que pensemos sobre nossa trajet\u00f3ria de vida, e \u00e9 crucial considerar o impacto que o uso da internet tem nas nossas rela\u00e7\u00f5es, uma vez que a conectividade desempenha um papel significativo em nossas vidas.<\/span><\/p>\n<p><span style=\"font-weight: 400;\">A interse\u00e7\u00e3o entre sa\u00fade mental e o mundo online \u00e9 um tema que merece aten\u00e7\u00e3o, e a Alares est\u00e1 comprometida em fomentar a conscientiza\u00e7\u00e3o sobre a import\u00e2ncia do cuidado e do uso consciente da internet para o equil\u00edbrio emocional.\u00a0<\/span><\/p>\n<p><span style=\"font-weight: 400;\">Assim, neste artigo, al\u00e9m de explorar o significado do Janeiro Branco, discutiremos a rela\u00e7\u00e3o entre sa\u00fade mental e o uso da internet, oferecendo dicas valiosas sobre como cultivar o bem-estar emocional no cotidiano.<\/span><\/p>\n<ul>\n<li data-pm-slice=\"0 0 []\"><a href=\"#significadodojaneirobranco\">Qual \u00e9 o significado do Janeiro Branco?<\/a><\/li>\n<li><a href=\"#cuidadosaudementalnainternet\">Como cuidar da sa\u00fade mental na internet<\/a><\/li>\n<li><a href=\"#equilibrioentreonlinenooffline\">Dicas para um equil\u00edbrio saud\u00e1vel entre mundo digital e offline<\/a><\/li>\n<li><a href=\"#inspiraequilibrio\">O Janeiro Branco nos inspira a viver com equil\u00edbrio o ano inteiro<\/a><\/li>\n<\/ul>\n<h2 id=\"significadodojaneirobranco\"\n><b>Qual \u00e9 o significado do Janeiro Branco?<\/b><\/h2>\n<p><span style=\"font-weight: 400;\">Idealizado pelo psic\u00f3logo Leonardo Abrah\u00e3o, o Janeiro Branco nos encoraja a pensar sobre mudan\u00e7as positivas e a aceitar os ciclos da vida com sabedoria e resili\u00eancia.<\/span><\/p>\n<p><span style=\"font-weight: 400;\">De acordo com a <\/span><a href=\"https:\/\/ufdpar.edu.br\/progep\/janeiro-branco\/copy_of_EbookJaneiroBranco2023Revisado.pdf\" target=\"_blank\" rel=\"noopener\"><span style=\"font-weight: 400;\">cartilha<\/span><\/a><span style=\"font-weight: 400;\"> publicada pela Universidade Federal do Delta do Para\u00edba, a campanha tem como objetivo fazer as pessoas refletirem sobre a import\u00e2ncia da sa\u00fade mental, destacando a necessidade de prestar mais aten\u00e7\u00e3o a esse aspecto da vida e promover uma cultura que valorize o cuidado emocional. E desse cen\u00e1rio tamb\u00e9m faz parte nossa vida online.<\/span><\/p>\n<p><span style=\"font-weight: 400;\">Afinal, a internet pode interferir na nossa sa\u00fade mental de diversas formas, principalmente quando estamos constantemente expostos a redes sociais e padr\u00f5es de comportamento e imagem que podem interferir na nossa autoestima, por exemplo.<\/span><\/p>\n<p><span style=\"font-weight: 400;\">Pensando nisso, \u00e9 essencial que voc\u00ea esteja ciente desses impactos e adote pr\u00e1ticas equilibradas, estabelecendo limites saud\u00e1veis e buscando apoio quando necess\u00e1rio, como mostraremos a seguir.<\/span><\/p>\n<h2 id=\"cuidadosaudementalnainternet\"\n><b>Como cuidar da sa\u00fade mental na internet<\/b><\/h2>\n<p><span style=\"font-weight: 400;\">Voc\u00ea sabia que cuidar da sa\u00fade mental na web tamb\u00e9m deve fazer parte da sua rotina de cuidados? Confira algumas dicas de como usar a internet de forma saud\u00e1vel:<\/span><\/p>\n<ul>\n<li style=\"font-weight: 400;\" aria-level=\"1\"><span style=\"font-weight: 400;\">Estabele\u00e7a limites de tempo online. Na pr\u00e1tica, isso significa definir per\u00edodos espec\u00edficos para acessar sites e aplicativos, inserindo pausas regulares para desconectar-se.\u00a0<\/span><\/li>\n<li style=\"font-weight: 400;\" aria-level=\"1\"><span style=\"font-weight: 400;\">Fa\u00e7a uma sele\u00e7\u00e3o criteriosa dos conte\u00fados que voc\u00ea deseja consumir e compartilhar. Evite o excesso de not\u00edcias negativas e filtre as informa\u00e7\u00f5es que voc\u00ea posta em suas redes sociais.\u00a0<\/span><\/li>\n<li style=\"font-weight: 400;\" aria-level=\"1\"><span style=\"font-weight: 400;\">Fomente uma presen\u00e7a online positiva promovendo conte\u00fado construtivo e evitando compara\u00e7\u00f5es com o que outras pessoas postam.\u00a0\u00a0<\/span><\/li>\n<\/ul>\n<p><span style=\"font-weight: 400;\">Por fim, participe de comunidades positivas, crie uma rotina offline e desconecte-se quando necess\u00e1rio.\u00a0<\/span><\/p>\n<p><span style=\"font-weight: 400;\">Lembre-se de que a internet pode ser uma ferramenta valiosa, mas \u00e9 importante us\u00e1-la de maneira consciente e equilibrada para preservar sua sa\u00fade mental.\u00a0<\/span><\/p>\n<p>Seja parte da comunidade que vai al\u00e9m.<a href=\"https:\/\/www.alaresinternet.com.br\/indoalem\/#newsletter\"> Clique aqui<\/a> e assine a Newsletter Indo Al\u00e9m!<\/p>\n<h2 id=\"equilibrioentreonlinenooffline\"\n><b>Dicas para um equil\u00edbrio saud\u00e1vel entre mundo digital e offline<\/b><\/h2>\n<p><span style=\"font-weight: 400;\">Investir em atividades offline podem ajudar a manter o foco na sua sa\u00fade mental. No pr\u00f3ximo t\u00f3pico, traremos alguns exemplos de medidas que permitem o equil\u00edbrio entre a vida dentro e fora da internet.<\/span><\/p>\n<h3><b>Priorize o sono<\/b><\/h3>\n<p><span style=\"font-weight: 400;\">Estabele\u00e7a uma rotina de sono regular para come\u00e7ar o ano com a sa\u00fade mental em dia. Evitar o uso de dispositivos eletr\u00f4nicos antes de dormir tamb\u00e9m contribui para uma noite reparadora.<\/span><\/p>\n<h3><b>Pratique exerc\u00edcios f\u00edsicos regularmente<\/b><\/h3>\n<p><span style=\"font-weight: 400;\">Inclua atividades f\u00edsicas que sejam do seu agrado na rotina semanal. A pr\u00e1tica regular de exerc\u00edcios, al\u00e9m de ser ben\u00e9fica para a sa\u00fade f\u00edsica, libera endorfina e outras subst\u00e2ncias que melhoram o humor.<\/span><\/p>\n<p><span style=\"font-weight: 400;\">Para criar uma rotina saud\u00e1vel de exerc\u00edcios f\u00edsicos e ter mais qualidade de vida, voc\u00ea pode contar com o <\/span><a href=\"https:\/\/www.alaresinternet.com.br\/conteudos\/bittrainers\/\" target=\"_blank\" rel=\"noopener\"><span style=\"font-weight: 400;\">Bit Trainers<\/span><\/a><span style=\"font-weight: 400;\">, plataforma de exerc\u00edcios f\u00edsicos dispon\u00edvel em alguns planos de internet Alares.<\/span><\/p>\n<h3><b>Mantenha uma alimenta\u00e7\u00e3o balanceada<\/b><\/h3>\n<p><span style=\"font-weight: 400;\">Evite excessos e esteja atento aos impactos que a alimenta\u00e7\u00e3o pode ter na sua energia e disposi\u00e7\u00e3o ao longo do dia. Se for necess\u00e1rio, agende uma consulta com um profissional de nutri\u00e7\u00e3o para que ele prescreva uma dieta com base nas suas necessidades.<\/span><\/p>\n<h3><b>Estabele\u00e7a limites nas rela\u00e7\u00f5es\u00a0<\/b><\/h3>\n<p><span style=\"font-weight: 400;\">Ao estabelecer limites, voc\u00ea ter\u00e1 um ambiente mais saud\u00e1vel e harmonioso, com o cultivo de rela\u00e7\u00f5es significativas e duradouras.\u00a0<\/span><\/p>\n<p><span style=\"font-weight: 400;\">No trabalho, \u00e9 importante definir claramente hor\u00e1rios e responsabilidades. Evite sobrecargas, respeite os hor\u00e1rios de descanso e aproveite os dias de folga para investir no seu lazer.<\/span><\/p>\n<p><span style=\"font-weight: 400;\">Na fam\u00edlia e entre amigos, aprenda a estabelecer limites e manter um di\u00e1logo aberto sobre suas necessidades individuais, respeitando o espa\u00e7o e a autonomia de cada membro.\u00a0<\/span><\/p>\n<h3><b>Pratique medita\u00e7\u00e3o<\/b><\/h3>\n<p><span style=\"font-weight: 400;\">Reservar alguns minutos diariamente para se concentrar no momento presente pode ajudar a reduzir o estresse e melhorar o bem-estar f\u00edsico e mental. Os <\/span><a href=\"https:\/\/www.alaresinternet.com.br\/indoalem\/aplicativo-meditacao\/\" target=\"_blank\" rel=\"noopener\"><span style=\"font-weight: 400;\">aplicativos de medita\u00e7\u00e3o<\/span><\/a><span style=\"font-weight: 400;\"> podem ser seus aliados nessa pr\u00e1tica.<\/span><\/p>\n<p><span style=\"font-weight: 400;\">Lembre-se de que, ao meditar, voc\u00ea cultiva sentimentos de compaix\u00e3o, empatia e conex\u00e3o social.\u00a0<\/span><\/p>\n<h3><b>Realize metas pessoais<\/b><\/h3>\n<p><span style=\"font-weight: 400;\">Dedicar tempo a atividades que proporcionem prazer e relaxamento \u00e9 uma maneira eficaz de manter o equil\u00edbrio emocional.\u00a0<\/span><\/p>\n<p><span style=\"font-weight: 400;\">Aproveite o Janeiro Branco para matricular-se naquela escola de m\u00fasica ou dan\u00e7a que voc\u00ea sempre desejou, aprender a desenhar, fotografar ou a investir em outros hobbies que trazem bem-estar.<\/span><\/p>\n<p><span style=\"font-weight: 400;\">Saiba mais em <\/span><a href=\"https:\/\/www.alaresinternet.com.br\/indoalem\/metas-smart\/\" target=\"_blank\" rel=\"noopener\"><span style=\"font-weight: 400;\">Metas SMART: o que s\u00e3o e como colocar em pr\u00e1tica<\/span><\/a><\/p>\n<h3><b>Busque apoio profissional<\/b><\/h3>\n<p><span style=\"font-weight: 400;\">Reconhecer a import\u00e2ncia do suporte profissional em quest\u00f5es de sa\u00fade mental \u00e9 uma atitude valiosa. N\u00e3o hesite em procurar a ajuda de um psic\u00f3logo ou terapeuta se sentir necessidade de apoio especializado.<\/span><\/p>\n<p><span style=\"font-weight: 400;\">Se for necess\u00e1rio, fa\u00e7a psicoterapia. Caso o tempo esteja apertado, a dica \u00e9 agendar sess\u00f5es online, pois elas permitem hor\u00e1rios flex\u00edveis e que se adaptam \u00e0 sua rotina.<\/span><\/p>\n<h3><b>Evite o isolamento social<\/b><\/h3>\n<p><span style=\"font-weight: 400;\">Mesmo em um mundo digital, \u00e9 importante buscar intera\u00e7\u00f5es sociais significativas. O isolamento social pode impactar negativamente a sa\u00fade mental, portanto, mantenha-se conectado a outras pessoas com ou sem a ajuda da internet.<\/span><\/p>\n<p><span style=\"font-weight: 400;\">Para isso, interaja pessoalmente com outras pessoas, marque passeios com amigos e conhe\u00e7a lugares novos. Tamb\u00e9m esteja aberto a fazer novas amizades!<\/span><\/p>\n<p><span style=\"font-weight: 400;\">Caso voc\u00ea n\u00e3o esteja pr\u00f3ximo fisicamente das pessoas mais importantes da sua vida, videoconfer\u00eancias por aplicativos, como Google Meet e Facetime, s\u00e3o boas op\u00e7\u00f5es para manter contato com aqueles que te fazem bem.\u00a0<\/span><\/p>\n<p><span style=\"font-weight: 400;\">As intera\u00e7\u00f5es positivas e a troca de experi\u00eancias contribuem para o fortalecimento do apoio emocional.\u00a0<\/span><\/p>\n<h3><b>Crie o h\u00e1bito de ler<\/b><\/h3>\n<p><span style=\"font-weight: 400;\">Investir tempo na leitura de livros estimula a reflex\u00e3o, permitindo que voc\u00ea amplie seu autoconhecimento de maneira significativa. Se voc\u00ea ainda n\u00e3o tem o h\u00e1bito de ler, comece por contos ou cr\u00f4nicas, que s\u00e3o hist\u00f3rias mais curtas.<\/span><\/p>\n<p><span style=\"font-weight: 400;\">\u00c0 medida que a pr\u00e1tica se torna mais natural, voc\u00ea pode explorar outros g\u00eaneros, como romances e trilogias. Com a <\/span><a href=\"https:\/\/www.alaresinternet.com.br\/conteudos\/skeelo\/\" target=\"_blank\" rel=\"noopener\"><span style=\"font-weight: 400;\">Skeelo<\/span><\/a><span style=\"font-weight: 400;\">, plataforma de e-book e audiobook parceira da Alares, voc\u00ea pode ler ou ouvir seus livros em qualquer lugar e explorar diversos g\u00eaneros e autores em poucos cliques.<\/span><\/p>\n<p><span style=\"font-weight: 400;\">Ter um espa\u00e7o dedicado \u00e0 leitura contribui para tornar essa experi\u00eancia mais agrad\u00e1vel. Por isso, escolha um local confort\u00e1vel, bem iluminado e livre de distra\u00e7\u00f5es.\u00a0<\/span><\/p>\n<h3><b>Escreva sobre seus sentimentos<\/b><\/h3>\n<p><span style=\"font-weight: 400;\">A express\u00e3o de sentimentos por meio de um di\u00e1rio pessoal pode ajudar voc\u00ea a melhor explorar e compreender suas emo\u00e7\u00f5es. Escreva livremente, sem se preocupar com formalidades gramaticais ou estruturas r\u00edgidas.<\/span><\/p>\n<p><span style=\"font-weight: 400;\">Outra abordagem \u00e9 escrever cartas n\u00e3o enviadas, dirigidas a si mesmo, a outras pessoas ou at\u00e9 mesmo a emo\u00e7\u00f5es espec\u00edficas. Essas cartas servem como um meio seguro para externalizar determinados sentimentos n\u00e3o expressos.\u00a0<\/span><\/p>\n<p><span style=\"font-weight: 400;\">A pr\u00e1tica de escrever poemas ou poesias \u00e9 outra maneira art\u00edstica de comunicar sentimentos, j\u00e1 que permitem uma express\u00e3o simb\u00f3lica que transcende as barreiras da linguagem convencional.<\/span><\/p>\n<h3><b>Assista a filmes para relaxar<\/b><\/h3>\n<p><span style=\"font-weight: 400;\">As <\/span><a href=\"https:\/\/www.alaresinternet.com.br\/indoalem\/plataformas-streaming-favoritas\/\" target=\"_blank\" rel=\"noopener\"><span style=\"font-weight: 400;\">plataformas de streaming<\/span><\/a><span style=\"font-weight: 400;\"> de filmes contribuem para a redu\u00e7\u00e3o do estresse e da ansiedade, uma vez que proporcionam uma pausa necess\u00e1ria para voc\u00ea recarregar suas energias no dia a dia.<\/span><\/p>\n<p><span style=\"font-weight: 400;\">Al\u00e9m disso, elas oferecem conte\u00fados que estimulam a criatividade e a inspira\u00e7\u00e3o, proporcionando um ambiente prop\u00edcio \u00e0 reflex\u00e3o. Em alguns filmes, por exemplo, voc\u00ea pode se identificar com personagens que enfrentam adversidades, encontram resili\u00eancia e alcan\u00e7am crescimento pessoal.\u00a0<\/span><\/p>\n<p><span style=\"font-weight: 400;\">Essas narrativas podem servir como fontes de motiva\u00e7\u00e3o, encorajando voc\u00ea a enfrentar seus pr\u00f3prios desafios com determina\u00e7\u00e3o e esperan\u00e7a.\u00a0<\/span><\/p>\n<h2 id=\"inspiraequilibrio\"><b>O Janeiro Branco nos inspira a viver com equil\u00edbrio o ano inteiro\u00a0<\/b><\/h2>\n<p><span style=\"font-weight: 400;\">Aproveite a campanha Janeiro Branco para cuidar do seu bem-estar e buscar o equil\u00edbrio entre atividades digitais e presenciais o ano inteiro.<\/span><\/p>\n<p><span style=\"font-weight: 400;\">Para a constru\u00e7\u00e3o de uma vida mentalmente saud\u00e1vel, reserve momentos para desconectar, respirar e se reconectar com o mundo ao seu redor.\u00a0<\/span><\/p>\n<p><i><span style=\"font-weight: 400;\">Leia tamb\u00e9m: <\/span><\/i><a href=\"https:\/\/www.alaresinternet.com.br\/indoalem\/setembro-amarelo\/\" target=\"_blank\" rel=\"noopener\"><i><span style=\"font-weight: 400;\">Setembro Amarelo: precisamos falar sobre internet e sa\u00fade mental<\/span><\/i><\/a><\/p>\n<p><span style=\"font-weight: 400;\">Gostou deste artigo? Compartilhe com outras pessoas e ajude a <\/span><a href=\"https:\/\/www.alaresinternet.com.br\/\" target=\"_blank\" rel=\"noopener\"><span style=\"font-weight: 400;\">Alares<\/span><\/a><span style=\"font-weight: 400;\"> a incentivar as pessoas a irem al\u00e9m com os cuidados relacionados \u00e0 sa\u00fade mental.\u00a0<\/span><\/p>\n","protected":false},"excerpt":{"rendered":"<p>Janeiro Branco \u00e9 uma campanha dedicada a promover a sa\u00fade mental por meio do incentivo a atividades voltadas para o bem-estar psicol\u00f3gico das pessoas. O primeiro m\u00eas do ano \u00e9 um per\u00edodo de reflex\u00e3o para muitas pessoas. Nessa \u00e9poca, \u00e9 natural que pensemos sobre nossa trajet\u00f3ria de vida, e \u00e9 crucial considerar o impacto que [&hellip;]<\/p>\n","protected":false},"author":3,"featured_media":0,"comment_status":"open","ping_status":"closed","sticky":false,"template":"","format":"standard","meta":{"footnotes":""},"categories":[9],"tags":[],"class_list":["post-3324","post","type-post","status-publish","format-standard","hentry","category-saude-mental"],"yoast_head":"<!-- This site is optimized with the Yoast SEO plugin v25.2 - https:\/\/yoast.com\/wordpress\/plugins\/seo\/ -->\n<title>Janeiro Branco: inicie o ano priorizando sua sa\u00fade mental<\/title>\n<meta name=\"description\" content=\"Conhe\u00e7a os objetivos do Janeiro Branco e saiba como promover sua sa\u00fade mental integrando tecnologia e pr\u00e1ticas offline.\" \/>\n<meta name=\"robots\" content=\"index, follow, max-snippet:-1, max-image-preview:large, max-video-preview:-1\" \/>\n<link rel=\"canonical\" href=\"https:\/\/www.alaresinternet.com.br\/indoalem\/saude-mental\/janeiro-branco\/\" \/>\n<meta property=\"og:locale\" content=\"pt_BR\" \/>\n<meta property=\"og:type\" content=\"article\" \/>\n<meta property=\"og:title\" content=\"Janeiro Branco: inicie o ano priorizando sua sa\u00fade mental\" \/>\n<meta property=\"og:description\" content=\"Conhe\u00e7a os objetivos do Janeiro Branco e saiba como promover sua sa\u00fade mental integrando tecnologia e pr\u00e1ticas offline.\" \/>\n<meta property=\"og:url\" content=\"https:\/\/www.alaresinternet.com.br\/indoalem\/saude-mental\/janeiro-branco\/\" \/>\n<meta property=\"og:site_name\" content=\"blog-alares\" \/>\n<meta property=\"article:publisher\" content=\"https:\/\/www.facebook.com\/alaresinternet\" \/>\n<meta property=\"article:published_time\" content=\"2024-01-29T22:18:12+00:00\" \/>\n<meta property=\"article:modified_time\" content=\"2025-10-09T15:21:55+00:00\" \/>\n<meta property=\"og:image\" content=\"https:\/\/www.alaresinternet.com.br\/indoalem\/wp-content\/uploads\/2024\/01\/temp-1.png\" \/>\n\t<meta property=\"og:image:width\" content=\"800\" \/>\n\t<meta property=\"og:image:height\" content=\"533\" \/>\n\t<meta property=\"og:image:type\" content=\"image\/png\" \/>\n<meta name=\"author\" content=\"Time Alares\" \/>\n<meta name=\"twitter:card\" content=\"summary_large_image\" \/>\n<meta name=\"twitter:label1\" content=\"Escrito por\" \/>\n\t<meta name=\"twitter:data1\" content=\"Time Alares\" \/>\n\t<meta name=\"twitter:label2\" content=\"Est. tempo de leitura\" \/>\n\t<meta name=\"twitter:data2\" content=\"8 minutos\" \/>\n<script type=\"application\/ld+json\" class=\"yoast-schema-graph\">{\"@context\":\"https:\/\/schema.org\",\"@graph\":[{\"@type\":\"Article\",\"@id\":\"https:\/\/www.alaresinternet.com.br\/indoalem\/saude-mental\/janeiro-branco\/#article\",\"isPartOf\":{\"@id\":\"https:\/\/www.alaresinternet.com.br\/indoalem\/saude-mental\/janeiro-branco\/\"},\"author\":{\"name\":\"Time Alares\",\"@id\":\"https:\/\/www.alaresinternet.com.br\/indoalem\/#\/schema\/person\/289e16e0f2759b8a7389323249de9a72\"},\"headline\":\"Janeiro Branco:\u00a0 como come\u00e7ar o ano com a sa\u00fade mental em dia\",\"datePublished\":\"2024-01-29T22:18:12+00:00\",\"dateModified\":\"2025-10-09T15:21:55+00:00\",\"mainEntityOfPage\":{\"@id\":\"https:\/\/www.alaresinternet.com.br\/indoalem\/saude-mental\/janeiro-branco\/\"},\"wordCount\":1609,\"commentCount\":0,\"publisher\":{\"@id\":\"https:\/\/www.alaresinternet.com.br\/indoalem\/#organization\"},\"articleSection\":[\"Sa\u00fade mental\"],\"inLanguage\":\"pt-BR\",\"potentialAction\":[{\"@type\":\"CommentAction\",\"name\":\"Comment\",\"target\":[\"https:\/\/www.alaresinternet.com.br\/indoalem\/saude-mental\/janeiro-branco\/#respond\"]}]},{\"@type\":\"WebPage\",\"@id\":\"https:\/\/www.alaresinternet.com.br\/indoalem\/saude-mental\/janeiro-branco\/\",\"url\":\"https:\/\/www.alaresinternet.com.br\/indoalem\/saude-mental\/janeiro-branco\/\",\"name\":\"Janeiro Branco: inicie o ano priorizando sua sa\u00fade mental\",\"isPartOf\":{\"@id\":\"https:\/\/www.alaresinternet.com.br\/indoalem\/#website\"},\"datePublished\":\"2024-01-29T22:18:12+00:00\",\"dateModified\":\"2025-10-09T15:21:55+00:00\",\"description\":\"Conhe\u00e7a os objetivos do Janeiro Branco e saiba como promover sua sa\u00fade mental integrando tecnologia e pr\u00e1ticas offline.\",\"breadcrumb\":{\"@id\":\"https:\/\/www.alaresinternet.com.br\/indoalem\/saude-mental\/janeiro-branco\/#breadcrumb\"},\"inLanguage\":\"pt-BR\",\"potentialAction\":[{\"@type\":\"ReadAction\",\"target\":[\"https:\/\/www.alaresinternet.com.br\/indoalem\/saude-mental\/janeiro-branco\/\"]}]},{\"@type\":\"BreadcrumbList\",\"@id\":\"https:\/\/www.alaresinternet.com.br\/indoalem\/saude-mental\/janeiro-branco\/#breadcrumb\",\"itemListElement\":[{\"@type\":\"ListItem\",\"position\":1,\"name\":\"In\u00edcio\",\"item\":\"https:\/\/www.alaresinternet.com.br\/indoalem\/\"},{\"@type\":\"ListItem\",\"position\":2,\"name\":\"Sa\u00fade mental\",\"item\":\"https:\/\/www.alaresinternet.com.br\/indoalem\/saude-mental\/\"},{\"@type\":\"ListItem\",\"position\":3,\"name\":\"Janeiro Branco:\u00a0 como come\u00e7ar o ano com a sa\u00fade mental em dia\"}]},{\"@type\":\"WebSite\",\"@id\":\"https:\/\/www.alaresinternet.com.br\/indoalem\/#website\",\"url\":\"https:\/\/www.alaresinternet.com.br\/indoalem\/\",\"name\":\"Blog Indo Al\u00e9m - Alares Internet\",\"description\":\"No Blog Indo Al\u00e9m, dicas, tend\u00eancias e novidades sobre internet, seguran\u00e7a, tecnologia e inova\u00e7\u00e3o para voc\u00ea aproveitar ao m\u00e1ximo o mundo digital.\",\"publisher\":{\"@id\":\"https:\/\/www.alaresinternet.com.br\/indoalem\/#organization\"},\"alternateName\":\"Blog Indo Al\u00e9m\",\"potentialAction\":[{\"@type\":\"SearchAction\",\"target\":{\"@type\":\"EntryPoint\",\"urlTemplate\":\"https:\/\/www.alaresinternet.com.br\/indoalem\/?s={search_term_string}\"},\"query-input\":{\"@type\":\"PropertyValueSpecification\",\"valueRequired\":true,\"valueName\":\"search_term_string\"}}],\"inLanguage\":\"pt-BR\"},{\"@type\":\"Organization\",\"@id\":\"https:\/\/www.alaresinternet.com.br\/indoalem\/#organization\",\"name\":\"Alares Internet\",\"url\":\"https:\/\/www.alaresinternet.com.br\/indoalem\/\",\"logo\":{\"@type\":\"ImageObject\",\"inLanguage\":\"pt-BR\",\"@id\":\"https:\/\/www.alaresinternet.com.br\/indoalem\/#\/schema\/logo\/image\/\",\"url\":\"https:\/\/www.alaresinternet.com.br\/indoalem\/wp-content\/uploads\/2024\/11\/cropped-Logo-Alares-1.webp\",\"contentUrl\":\"https:\/\/www.alaresinternet.com.br\/indoalem\/wp-content\/uploads\/2024\/11\/cropped-Logo-Alares-1.webp\",\"width\":175,\"height\":53,\"caption\":\"Alares Internet\"},\"image\":{\"@id\":\"https:\/\/www.alaresinternet.com.br\/indoalem\/#\/schema\/logo\/image\/\"},\"sameAs\":[\"https:\/\/www.facebook.com\/alaresinternet\",\"https:\/\/www.instagram.com\/alaresinternet\/\",\"https:\/\/www.linkedin.com\/company\/alaresinternet\",\"https:\/\/www.youtube.com\/channel\/UCFUdcbko0Jp9JNQaFO_dqhQ\"]},{\"@type\":\"Person\",\"@id\":\"https:\/\/www.alaresinternet.com.br\/indoalem\/#\/schema\/person\/289e16e0f2759b8a7389323249de9a72\",\"name\":\"Time Alares\",\"image\":{\"@type\":\"ImageObject\",\"inLanguage\":\"pt-BR\",\"@id\":\"https:\/\/www.alaresinternet.com.br\/indoalem\/#\/schema\/person\/image\/\",\"url\":\"https:\/\/secure.gravatar.com\/avatar\/ccccd75f84f9265774529396e715c898?s=96&d=mm&r=g\",\"contentUrl\":\"https:\/\/secure.gravatar.com\/avatar\/ccccd75f84f9265774529396e715c898?s=96&d=mm&r=g\",\"caption\":\"Time Alares\"},\"url\":\"https:\/\/www.alaresinternet.com.br\/indoalem\/author\/time_alares\/\"}]}<\/script>\n<!-- \/ Yoast SEO plugin. -->","yoast_head_json":{"title":"Janeiro Branco: inicie o ano priorizando sua sa\u00fade mental","description":"Conhe\u00e7a os objetivos do Janeiro Branco e saiba como promover sua sa\u00fade mental integrando tecnologia e pr\u00e1ticas offline.","robots":{"index":"index","follow":"follow","max-snippet":"max-snippet:-1","max-image-preview":"max-image-preview:large","max-video-preview":"max-video-preview:-1"},"canonical":"https:\/\/www.alaresinternet.com.br\/indoalem\/saude-mental\/janeiro-branco\/","og_locale":"pt_BR","og_type":"article","og_title":"Janeiro Branco: inicie o ano priorizando sua sa\u00fade mental","og_description":"Conhe\u00e7a os objetivos do Janeiro Branco e saiba como promover sua sa\u00fade mental integrando tecnologia e pr\u00e1ticas offline.","og_url":"https:\/\/www.alaresinternet.com.br\/indoalem\/saude-mental\/janeiro-branco\/","og_site_name":"blog-alares","article_publisher":"https:\/\/www.facebook.com\/alaresinternet","article_published_time":"2024-01-29T22:18:12+00:00","article_modified_time":"2025-10-09T15:21:55+00:00","og_image":[{"width":800,"height":533,"url":"https:\/\/www.alaresinternet.com.br\/indoalem\/wp-content\/uploads\/2024\/01\/temp-1.png","type":"image\/png"}],"author":"Time Alares","twitter_card":"summary_large_image","twitter_misc":{"Escrito por":"Time Alares","Est. tempo de leitura":"8 minutos"},"schema":{"@context":"https:\/\/schema.org","@graph":[{"@type":"Article","@id":"https:\/\/www.alaresinternet.com.br\/indoalem\/saude-mental\/janeiro-branco\/#article","isPartOf":{"@id":"https:\/\/www.alaresinternet.com.br\/indoalem\/saude-mental\/janeiro-branco\/"},"author":{"name":"Time Alares","@id":"https:\/\/www.alaresinternet.com.br\/indoalem\/#\/schema\/person\/289e16e0f2759b8a7389323249de9a72"},"headline":"Janeiro Branco:\u00a0 como come\u00e7ar o ano com a sa\u00fade mental em dia","datePublished":"2024-01-29T22:18:12+00:00","dateModified":"2025-10-09T15:21:55+00:00","mainEntityOfPage":{"@id":"https:\/\/www.alaresinternet.com.br\/indoalem\/saude-mental\/janeiro-branco\/"},"wordCount":1609,"commentCount":0,"publisher":{"@id":"https:\/\/www.alaresinternet.com.br\/indoalem\/#organization"},"articleSection":["Sa\u00fade mental"],"inLanguage":"pt-BR","potentialAction":[{"@type":"CommentAction","name":"Comment","target":["https:\/\/www.alaresinternet.com.br\/indoalem\/saude-mental\/janeiro-branco\/#respond"]}]},{"@type":"WebPage","@id":"https:\/\/www.alaresinternet.com.br\/indoalem\/saude-mental\/janeiro-branco\/","url":"https:\/\/www.alaresinternet.com.br\/indoalem\/saude-mental\/janeiro-branco\/","name":"Janeiro Branco: inicie o ano priorizando sua sa\u00fade mental","isPartOf":{"@id":"https:\/\/www.alaresinternet.com.br\/indoalem\/#website"},"datePublished":"2024-01-29T22:18:12+00:00","dateModified":"2025-10-09T15:21:55+00:00","description":"Conhe\u00e7a os objetivos do Janeiro Branco e saiba como promover sua sa\u00fade mental integrando tecnologia e pr\u00e1ticas offline.","breadcrumb":{"@id":"https:\/\/www.alaresinternet.com.br\/indoalem\/saude-mental\/janeiro-branco\/#breadcrumb"},"inLanguage":"pt-BR","potentialAction":[{"@type":"ReadAction","target":["https:\/\/www.alaresinternet.com.br\/indoalem\/saude-mental\/janeiro-branco\/"]}]},{"@type":"BreadcrumbList","@id":"https:\/\/www.alaresinternet.com.br\/indoalem\/saude-mental\/janeiro-branco\/#breadcrumb","itemListElement":[{"@type":"ListItem","position":1,"name":"In\u00edcio","item":"https:\/\/www.alaresinternet.com.br\/indoalem\/"},{"@type":"ListItem","position":2,"name":"Sa\u00fade mental","item":"https:\/\/www.alaresinternet.com.br\/indoalem\/saude-mental\/"},{"@type":"ListItem","position":3,"name":"Janeiro Branco:\u00a0 como come\u00e7ar o ano com a sa\u00fade mental em dia"}]},{"@type":"WebSite","@id":"https:\/\/www.alaresinternet.com.br\/indoalem\/#website","url":"https:\/\/www.alaresinternet.com.br\/indoalem\/","name":"Blog Indo Al\u00e9m - Alares Internet","description":"No Blog Indo Al\u00e9m, dicas, tend\u00eancias e novidades sobre internet, seguran\u00e7a, tecnologia e inova\u00e7\u00e3o para voc\u00ea aproveitar ao m\u00e1ximo o mundo digital.","publisher":{"@id":"https:\/\/www.alaresinternet.com.br\/indoalem\/#organization"},"alternateName":"Blog Indo Al\u00e9m","potentialAction":[{"@type":"SearchAction","target":{"@type":"EntryPoint","urlTemplate":"https:\/\/www.alaresinternet.com.br\/indoalem\/?s={search_term_string}"},"query-input":{"@type":"PropertyValueSpecification","valueRequired":true,"valueName":"search_term_string"}}],"inLanguage":"pt-BR"},{"@type":"Organization","@id":"https:\/\/www.alaresinternet.com.br\/indoalem\/#organization","name":"Alares Internet","url":"https:\/\/www.alaresinternet.com.br\/indoalem\/","logo":{"@type":"ImageObject","inLanguage":"pt-BR","@id":"https:\/\/www.alaresinternet.com.br\/indoalem\/#\/schema\/logo\/image\/","url":"https:\/\/www.alaresinternet.com.br\/indoalem\/wp-content\/uploads\/2024\/11\/cropped-Logo-Alares-1.webp","contentUrl":"https:\/\/www.alaresinternet.com.br\/indoalem\/wp-content\/uploads\/2024\/11\/cropped-Logo-Alares-1.webp","width":175,"height":53,"caption":"Alares Internet"},"image":{"@id":"https:\/\/www.alaresinternet.com.br\/indoalem\/#\/schema\/logo\/image\/"},"sameAs":["https:\/\/www.facebook.com\/alaresinternet","https:\/\/www.instagram.com\/alaresinternet\/","https:\/\/www.linkedin.com\/company\/alaresinternet","https:\/\/www.youtube.com\/channel\/UCFUdcbko0Jp9JNQaFO_dqhQ"]},{"@type":"Person","@id":"https:\/\/www.alaresinternet.com.br\/indoalem\/#\/schema\/person\/289e16e0f2759b8a7389323249de9a72","name":"Time Alares","image":{"@type":"ImageObject","inLanguage":"pt-BR","@id":"https:\/\/www.alaresinternet.com.br\/indoalem\/#\/schema\/person\/image\/","url":"https:\/\/secure.gravatar.com\/avatar\/ccccd75f84f9265774529396e715c898?s=96&d=mm&r=g","contentUrl":"https:\/\/secure.gravatar.com\/avatar\/ccccd75f84f9265774529396e715c898?s=96&d=mm&r=g","caption":"Time Alares"},"url":"https:\/\/www.alaresinternet.com.br\/indoalem\/author\/time_alares\/"}]}},"acf":{"descricao":"Conhe\u00e7a os objetivos do Janeiro Branco e saiba como promover sua sa\u00fade mental integrando tecnologia e pr\u00e1ticas offline.","banner_principal":3326,"banner_principal_mobile":3327,"tempo_de_leitura":"8","is_app_post":false,"app_type":["b2c"],"banner_single":"","link_banner_single":""},"_links":{"self":[{"href":"https:\/\/www.alaresinternet.com.br\/indoalem\/wp-json\/wp\/v2\/posts\/3324","targetHints":{"allow":["GET"]}}],"collection":[{"href":"https:\/\/www.alaresinternet.com.br\/indoalem\/wp-json\/wp\/v2\/posts"}],"about":[{"href":"https:\/\/www.alaresinternet.com.br\/indoalem\/wp-json\/wp\/v2\/types\/post"}],"author":[{"embeddable":true,"href":"https:\/\/www.alaresinternet.com.br\/indoalem\/wp-json\/wp\/v2\/users\/3"}],"replies":[{"embeddable":true,"href":"https:\/\/www.alaresinternet.com.br\/indoalem\/wp-json\/wp\/v2\/comments?post=3324"}],"version-history":[{"count":3,"href":"https:\/\/www.alaresinternet.com.br\/indoalem\/wp-json\/wp\/v2\/posts\/3324\/revisions"}],"predecessor-version":[{"id":7293,"href":"https:\/\/www.alaresinternet.com.br\/indoalem\/wp-json\/wp\/v2\/posts\/3324\/revisions\/7293"}],"wp:attachment":[{"href":"https:\/\/www.alaresinternet.com.br\/indoalem\/wp-json\/wp\/v2\/media?parent=3324"}],"wp:term":[{"taxonomy":"category","embeddable":true,"href":"https:\/\/www.alaresinternet.com.br\/indoalem\/wp-json\/wp\/v2\/categories?post=3324"},{"taxonomy":"post_tag","embeddable":true,"href":"https:\/\/www.alaresinternet.com.br\/indoalem\/wp-json\/wp\/v2\/tags?post=3324"}],"curies":[{"name":"wp","href":"https:\/\/api.w.org\/{rel}","templated":true}]}}