{"id":6471,"date":"2024-08-01T13:00:04","date_gmt":"2024-08-01T13:00:04","guid":{"rendered":"https:\/\/www.alaresinternet.com.br\/indoalem\/?p=6471"},"modified":"2025-05-21T14:25:07","modified_gmt":"2025-05-21T14:25:07","slug":"webby-inicia-migracao-para-marca-alares","status":"publish","type":"post","link":"https:\/\/www.alaresinternet.com.br\/indoalem\/alares-em-foco\/webby-inicia-migracao-para-marca-alares\/","title":{"rendered":"Webby, provedor de Internet original de Ourinhos (SP), inicia migra\u00e7\u00e3o para marca Alares"},"content":{"rendered":"<p><em>Alares, que adquiriu a empresa em 2023, iniciar\u00e1 processo de transi\u00e7\u00e3o de marca em 1\u00ba de agosto.\u00a0<\/em><\/p>\n<p><strong>S\u00e3o Paulo, agosto de 2024 &#8211; <\/strong>A partir de 1\u00ba de agosto, a Webby, provedora de acesso \u00e0 internet via fibra \u00f3ptica baseada em Ourinhos (SP), iniciar\u00e1 a migra\u00e7\u00e3o da sua marca para Alares, que adquiriu a empresa em 2023.<\/p>\n<p>A Webby tem aproximadamente 115 mil clientes pessoas f\u00edsicas e jur\u00eddicas, em 55 cidades dos estados de S\u00e3o Paulo e Paran\u00e1.<\/p>\n<p><strong>Migra\u00e7\u00e3o de marca <\/strong><\/p>\n<p>A migra\u00e7\u00e3o da marca Webby para Alares \u00e9 a etapa final de processo de integra\u00e7\u00e3o das opera\u00e7\u00f5es, o qual se iniciou t\u00e3o logo a aquisi\u00e7\u00e3o foi feita e se encerrou com sucesso em apenas quatro meses, com todos os clientes, colaboradores e sistemas totalmente integrados \u201cQuando adquirimos uma empresa, nosso objetivo \u00e9 integr\u00e1-la \u00e0s opera\u00e7\u00f5es da Alares com rapidez e qualidade, alavancando o melhor de cada empresa para evoluir e fortalecer nossa capacidade para entregar um portf\u00f3lio de servi\u00e7os cada vez mais atrativo e com uma rela\u00e7\u00e3o custo-benef\u00edcio imbat\u00edvel\u201d, explica Denis Ferreira, CEO da Alares.<\/p>\n<p>A mudan\u00e7a da marca ser\u00e1 feita de forma gradual ao longo dos pr\u00f3ximos meses. Dando in\u00edcio \u00e0s a\u00e7\u00f5es de migra\u00e7\u00e3o, hoje ser\u00e1 realizada uma comemora\u00e7\u00e3o junto aos colaboradores Webby, parte fundamental de todo este processo.<\/p>\n<p>\u201cA Alares, reconhecida por sua excel\u00eancia, considera a aquisi\u00e7\u00e3o da Webby uma oportunidade \u00fanica de expandir sua atua\u00e7\u00e3o na regi\u00e3o por meio de seu portf\u00f3lio de produtos e servi\u00e7os, unindo for\u00e7as para oferecer ao mercado solu\u00e7\u00f5es ainda mais robustas e abrangentes\u201d, conta Denis Ferreira, CEO da empresa.<\/p>\n<p>Como consequ\u00eancia, a identidade visual da Webby ser\u00e1 repaginada. Em Ourinhos, a data registrar\u00e1 a mudan\u00e7a da fachada da loja, que passar\u00e1 a ser Alares.\u202fAs faturas tamb\u00e9m ser\u00e3o alteradas para a nova marca e, gradativamente, a frota de ve\u00edculos ser\u00e1 reestilizada.<\/p>\n<p><strong>Eventos para a comunidade <\/strong><\/p>\n<p>Em 3 de agosto, a empresa levar\u00e1 o \u201cAlares Conecta\u201d para Ourinhos\/SP, evento que j\u00e1 passou por diversas cidades em nossa \u00e1rea de cobertura. A a\u00e7\u00e3o chega ao munic\u00edpio trazendo entretenimento gratuito \u00e0s fam\u00edlias e contar\u00e1 com aulas de zumba, alongamento, jiu-jitsu, design de sobrancelhas, trancista, maquiagem, limpeza de \u00f3culos, tenda da sa\u00fade, espa\u00e7o kids, degusta\u00e7\u00e3o de pipoca e muito mais.<\/p>\n<p><strong>Alares Conecta<\/strong><\/p>\n<ul>\n<li><strong>Data<\/strong>: 3 de agosto de 2024<\/li>\n<li><strong>Local<\/strong>: Pra\u00e7a Melo Peixoto<\/li>\n<li><strong>Hor\u00e1rio<\/strong>: in\u00edcio \u00e0s 10h e t\u00e9rmino \u00e0s 14h<\/li>\n<\/ul>\n","protected":false},"excerpt":{"rendered":"<p>Alares, que adquiriu a empresa em 2023, iniciar\u00e1 processo de transi\u00e7\u00e3o de marca em 1\u00ba de agosto.\u00a0 S\u00e3o Paulo, agosto de 2024 &#8211; A partir de 1\u00ba de agosto, a Webby, provedora de acesso \u00e0 internet via fibra \u00f3ptica baseada em Ourinhos (SP), iniciar\u00e1 a migra\u00e7\u00e3o da sua marca para Alares, que adquiriu a empresa [&hellip;]<\/p>\n","protected":false},"author":4,"featured_media":0,"comment_status":"open","ping_status":"open","sticky":false,"template":"","format":"standard","meta":{"footnotes":""},"categories":[12],"tags":[],"class_list":["post-6471","post","type-post","status-publish","format-standard","hentry","category-alares-em-foco"],"yoast_head":"<!-- This site is optimized with the Yoast SEO plugin v25.2 - https:\/\/yoast.com\/wordpress\/plugins\/seo\/ -->\n<title>Webby, provedor de Internet original de Ourinhos (SP), inicia migra\u00e7\u00e3o para marca Alares | Alares<\/title>\n<meta name=\"robots\" content=\"index, follow, max-snippet:-1, max-image-preview:large, max-video-preview:-1\" \/>\n<link rel=\"canonical\" href=\"https:\/\/www.alaresinternet.com.br\/indoalem\/alares-em-foco\/webby-inicia-migracao-para-marca-alares\/\" \/>\n<meta property=\"og:locale\" content=\"pt_BR\" \/>\n<meta property=\"og:type\" content=\"article\" \/>\n<meta property=\"og:title\" content=\"Webby, provedor de Internet original de Ourinhos (SP), inicia migra\u00e7\u00e3o para marca Alares | Alares\" \/>\n<meta property=\"og:description\" content=\"Alares, que adquiriu a empresa em 2023, iniciar\u00e1 processo de transi\u00e7\u00e3o de marca em 1\u00ba de agosto.\u00a0 S\u00e3o Paulo, agosto de 2024 &#8211; A partir de 1\u00ba de agosto, a Webby, provedora de acesso \u00e0 internet via fibra \u00f3ptica baseada em Ourinhos (SP), iniciar\u00e1 a migra\u00e7\u00e3o da sua marca para Alares, que adquiriu a empresa [&hellip;]\" \/>\n<meta property=\"og:url\" content=\"https:\/\/www.alaresinternet.com.br\/indoalem\/alares-em-foco\/webby-inicia-migracao-para-marca-alares\/\" \/>\n<meta property=\"og:site_name\" content=\"blog-alares\" \/>\n<meta property=\"article:publisher\" content=\"https:\/\/www.facebook.com\/alaresinternet\" \/>\n<meta property=\"article:published_time\" content=\"2024-08-01T13:00:04+00:00\" \/>\n<meta property=\"article:modified_time\" content=\"2025-05-21T14:25:07+00:00\" \/>\n<meta property=\"og:image\" content=\"https:\/\/www.alaresinternet.com.br\/indoalem\/wp-content\/uploads\/2024\/12\/banner-blog-alares.png.webp\" \/>\n\t<meta property=\"og:image:width\" content=\"1200\" \/>\n\t<meta property=\"og:image:height\" content=\"675\" \/>\n\t<meta property=\"og:image:type\" content=\"image\/png\" \/>\n<meta name=\"author\" content=\"Time Alares\" \/>\n<meta name=\"twitter:card\" content=\"summary_large_image\" \/>\n<meta name=\"twitter:label1\" content=\"Escrito por\" \/>\n\t<meta name=\"twitter:data1\" content=\"Time Alares\" \/>\n\t<meta name=\"twitter:label2\" content=\"Est. tempo de leitura\" \/>\n\t<meta name=\"twitter:data2\" content=\"3 minutos\" \/>\n<script type=\"application\/ld+json\" class=\"yoast-schema-graph\">{\"@context\":\"https:\/\/schema.org\",\"@graph\":[{\"@type\":\"Article\",\"@id\":\"https:\/\/www.alaresinternet.com.br\/indoalem\/alares-em-foco\/webby-inicia-migracao-para-marca-alares\/#article\",\"isPartOf\":{\"@id\":\"https:\/\/www.alaresinternet.com.br\/indoalem\/alares-em-foco\/webby-inicia-migracao-para-marca-alares\/\"},\"author\":{\"name\":\"Time Alares\",\"@id\":\"https:\/\/www.alaresinternet.com.br\/indoalem\/#\/schema\/person\/37d89ce8be4dd1ca5b1f5b57dca1f970\"},\"headline\":\"Webby, provedor de Internet original de Ourinhos (SP), inicia migra\u00e7\u00e3o para marca Alares\",\"datePublished\":\"2024-08-01T13:00:04+00:00\",\"dateModified\":\"2025-05-21T14:25:07+00:00\",\"mainEntityOfPage\":{\"@id\":\"https:\/\/www.alaresinternet.com.br\/indoalem\/alares-em-foco\/webby-inicia-migracao-para-marca-alares\/\"},\"wordCount\":435,\"commentCount\":0,\"publisher\":{\"@id\":\"https:\/\/www.alaresinternet.com.br\/indoalem\/#organization\"},\"articleSection\":[\"Alares em Foco\"],\"inLanguage\":\"pt-BR\",\"potentialAction\":[{\"@type\":\"CommentAction\",\"name\":\"Comment\",\"target\":[\"https:\/\/www.alaresinternet.com.br\/indoalem\/alares-em-foco\/webby-inicia-migracao-para-marca-alares\/#respond\"]}]},{\"@type\":\"WebPage\",\"@id\":\"https:\/\/www.alaresinternet.com.br\/indoalem\/alares-em-foco\/webby-inicia-migracao-para-marca-alares\/\",\"url\":\"https:\/\/www.alaresinternet.com.br\/indoalem\/alares-em-foco\/webby-inicia-migracao-para-marca-alares\/\",\"name\":\"Webby, provedor de Internet original de Ourinhos (SP), inicia migra\u00e7\u00e3o para marca Alares | Alares\",\"isPartOf\":{\"@id\":\"https:\/\/www.alaresinternet.com.br\/indoalem\/#website\"},\"datePublished\":\"2024-08-01T13:00:04+00:00\",\"dateModified\":\"2025-05-21T14:25:07+00:00\",\"breadcrumb\":{\"@id\":\"https:\/\/www.alaresinternet.com.br\/indoalem\/alares-em-foco\/webby-inicia-migracao-para-marca-alares\/#breadcrumb\"},\"inLanguage\":\"pt-BR\",\"potentialAction\":[{\"@type\":\"ReadAction\",\"target\":[\"https:\/\/www.alaresinternet.com.br\/indoalem\/alares-em-foco\/webby-inicia-migracao-para-marca-alares\/\"]}]},{\"@type\":\"BreadcrumbList\",\"@id\":\"https:\/\/www.alaresinternet.com.br\/indoalem\/alares-em-foco\/webby-inicia-migracao-para-marca-alares\/#breadcrumb\",\"itemListElement\":[{\"@type\":\"ListItem\",\"position\":1,\"name\":\"In\u00edcio\",\"item\":\"https:\/\/www.alaresinternet.com.br\/indoalem\/\"},{\"@type\":\"ListItem\",\"position\":2,\"name\":\"Alares em Foco\",\"item\":\"https:\/\/www.alaresinternet.com.br\/indoalem\/alares-em-foco\/\"},{\"@type\":\"ListItem\",\"position\":3,\"name\":\"Webby, provedor de Internet original de Ourinhos (SP), inicia migra\u00e7\u00e3o para marca Alares\"}]},{\"@type\":\"WebSite\",\"@id\":\"https:\/\/www.alaresinternet.com.br\/indoalem\/#website\",\"url\":\"https:\/\/www.alaresinternet.com.br\/indoalem\/\",\"name\":\"Blog Indo Al\u00e9m - Alares Internet\",\"description\":\"No Blog Indo Al\u00e9m, dicas, tend\u00eancias e novidades sobre internet, seguran\u00e7a, tecnologia e inova\u00e7\u00e3o para voc\u00ea aproveitar ao m\u00e1ximo o mundo digital.\",\"publisher\":{\"@id\":\"https:\/\/www.alaresinternet.com.br\/indoalem\/#organization\"},\"alternateName\":\"Blog Indo Al\u00e9m\",\"potentialAction\":[{\"@type\":\"SearchAction\",\"target\":{\"@type\":\"EntryPoint\",\"urlTemplate\":\"https:\/\/www.alaresinternet.com.br\/indoalem\/?s={search_term_string}\"},\"query-input\":{\"@type\":\"PropertyValueSpecification\",\"valueRequired\":true,\"valueName\":\"search_term_string\"}}],\"inLanguage\":\"pt-BR\"},{\"@type\":\"Organization\",\"@id\":\"https:\/\/www.alaresinternet.com.br\/indoalem\/#organization\",\"name\":\"Alares Internet\",\"url\":\"https:\/\/www.alaresinternet.com.br\/indoalem\/\",\"logo\":{\"@type\":\"ImageObject\",\"inLanguage\":\"pt-BR\",\"@id\":\"https:\/\/www.alaresinternet.com.br\/indoalem\/#\/schema\/logo\/image\/\",\"url\":\"https:\/\/www.alaresinternet.com.br\/indoalem\/wp-content\/uploads\/2024\/11\/cropped-Logo-Alares-1.webp\",\"contentUrl\":\"https:\/\/www.alaresinternet.com.br\/indoalem\/wp-content\/uploads\/2024\/11\/cropped-Logo-Alares-1.webp\",\"width\":175,\"height\":53,\"caption\":\"Alares Internet\"},\"image\":{\"@id\":\"https:\/\/www.alaresinternet.com.br\/indoalem\/#\/schema\/logo\/image\/\"},\"sameAs\":[\"https:\/\/www.facebook.com\/alaresinternet\",\"https:\/\/www.instagram.com\/alaresinternet\/\",\"https:\/\/www.linkedin.com\/company\/alaresinternet\",\"https:\/\/www.youtube.com\/channel\/UCFUdcbko0Jp9JNQaFO_dqhQ\"]},{\"@type\":\"Person\",\"@id\":\"https:\/\/www.alaresinternet.com.br\/indoalem\/#\/schema\/person\/37d89ce8be4dd1ca5b1f5b57dca1f970\",\"name\":\"Time Alares\",\"image\":{\"@type\":\"ImageObject\",\"inLanguage\":\"pt-BR\",\"@id\":\"https:\/\/www.alaresinternet.com.br\/indoalem\/#\/schema\/person\/image\/\",\"url\":\"https:\/\/secure.gravatar.com\/avatar\/0d140a46fecc93509d84ae0d1d56efa7?s=96&d=mm&r=g\",\"contentUrl\":\"https:\/\/secure.gravatar.com\/avatar\/0d140a46fecc93509d84ae0d1d56efa7?s=96&d=mm&r=g\",\"caption\":\"Time Alares\"},\"url\":\"https:\/\/www.alaresinternet.com.br\/indoalem\/author\/erika\/\"}]}<\/script>\n<!-- \/ Yoast SEO plugin. -->","yoast_head_json":{"title":"Webby, provedor de Internet original de Ourinhos (SP), inicia migra\u00e7\u00e3o para marca Alares | Alares","robots":{"index":"index","follow":"follow","max-snippet":"max-snippet:-1","max-image-preview":"max-image-preview:large","max-video-preview":"max-video-preview:-1"},"canonical":"https:\/\/www.alaresinternet.com.br\/indoalem\/alares-em-foco\/webby-inicia-migracao-para-marca-alares\/","og_locale":"pt_BR","og_type":"article","og_title":"Webby, provedor de Internet original de Ourinhos (SP), inicia migra\u00e7\u00e3o para marca Alares | Alares","og_description":"Alares, que adquiriu a empresa em 2023, iniciar\u00e1 processo de transi\u00e7\u00e3o de marca em 1\u00ba de agosto.\u00a0 S\u00e3o Paulo, agosto de 2024 &#8211; A partir de 1\u00ba de agosto, a Webby, provedora de acesso \u00e0 internet via fibra \u00f3ptica baseada em Ourinhos (SP), iniciar\u00e1 a migra\u00e7\u00e3o da sua marca para Alares, que adquiriu a empresa [&hellip;]","og_url":"https:\/\/www.alaresinternet.com.br\/indoalem\/alares-em-foco\/webby-inicia-migracao-para-marca-alares\/","og_site_name":"blog-alares","article_publisher":"https:\/\/www.facebook.com\/alaresinternet","article_published_time":"2024-08-01T13:00:04+00:00","article_modified_time":"2025-05-21T14:25:07+00:00","og_image":[{"width":1200,"height":675,"url":"https:\/\/www.alaresinternet.com.br\/indoalem\/wp-content\/uploads\/2024\/12\/banner-blog-alares.png.webp","type":"image\/png"}],"author":"Time Alares","twitter_card":"summary_large_image","twitter_misc":{"Escrito por":"Time Alares","Est. tempo de leitura":"3 minutos"},"schema":{"@context":"https:\/\/schema.org","@graph":[{"@type":"Article","@id":"https:\/\/www.alaresinternet.com.br\/indoalem\/alares-em-foco\/webby-inicia-migracao-para-marca-alares\/#article","isPartOf":{"@id":"https:\/\/www.alaresinternet.com.br\/indoalem\/alares-em-foco\/webby-inicia-migracao-para-marca-alares\/"},"author":{"name":"Time Alares","@id":"https:\/\/www.alaresinternet.com.br\/indoalem\/#\/schema\/person\/37d89ce8be4dd1ca5b1f5b57dca1f970"},"headline":"Webby, provedor de Internet original de Ourinhos (SP), inicia migra\u00e7\u00e3o para marca Alares","datePublished":"2024-08-01T13:00:04+00:00","dateModified":"2025-05-21T14:25:07+00:00","mainEntityOfPage":{"@id":"https:\/\/www.alaresinternet.com.br\/indoalem\/alares-em-foco\/webby-inicia-migracao-para-marca-alares\/"},"wordCount":435,"commentCount":0,"publisher":{"@id":"https:\/\/www.alaresinternet.com.br\/indoalem\/#organization"},"articleSection":["Alares em Foco"],"inLanguage":"pt-BR","potentialAction":[{"@type":"CommentAction","name":"Comment","target":["https:\/\/www.alaresinternet.com.br\/indoalem\/alares-em-foco\/webby-inicia-migracao-para-marca-alares\/#respond"]}]},{"@type":"WebPage","@id":"https:\/\/www.alaresinternet.com.br\/indoalem\/alares-em-foco\/webby-inicia-migracao-para-marca-alares\/","url":"https:\/\/www.alaresinternet.com.br\/indoalem\/alares-em-foco\/webby-inicia-migracao-para-marca-alares\/","name":"Webby, provedor de Internet original de Ourinhos (SP), inicia migra\u00e7\u00e3o para marca Alares | Alares","isPartOf":{"@id":"https:\/\/www.alaresinternet.com.br\/indoalem\/#website"},"datePublished":"2024-08-01T13:00:04+00:00","dateModified":"2025-05-21T14:25:07+00:00","breadcrumb":{"@id":"https:\/\/www.alaresinternet.com.br\/indoalem\/alares-em-foco\/webby-inicia-migracao-para-marca-alares\/#breadcrumb"},"inLanguage":"pt-BR","potentialAction":[{"@type":"ReadAction","target":["https:\/\/www.alaresinternet.com.br\/indoalem\/alares-em-foco\/webby-inicia-migracao-para-marca-alares\/"]}]},{"@type":"BreadcrumbList","@id":"https:\/\/www.alaresinternet.com.br\/indoalem\/alares-em-foco\/webby-inicia-migracao-para-marca-alares\/#breadcrumb","itemListElement":[{"@type":"ListItem","position":1,"name":"In\u00edcio","item":"https:\/\/www.alaresinternet.com.br\/indoalem\/"},{"@type":"ListItem","position":2,"name":"Alares em Foco","item":"https:\/\/www.alaresinternet.com.br\/indoalem\/alares-em-foco\/"},{"@type":"ListItem","position":3,"name":"Webby, provedor de Internet original de Ourinhos (SP), inicia migra\u00e7\u00e3o para marca Alares"}]},{"@type":"WebSite","@id":"https:\/\/www.alaresinternet.com.br\/indoalem\/#website","url":"https:\/\/www.alaresinternet.com.br\/indoalem\/","name":"Blog Indo Al\u00e9m - Alares Internet","description":"No Blog Indo Al\u00e9m, dicas, tend\u00eancias e novidades sobre internet, seguran\u00e7a, tecnologia e inova\u00e7\u00e3o para voc\u00ea aproveitar ao m\u00e1ximo o mundo digital.","publisher":{"@id":"https:\/\/www.alaresinternet.com.br\/indoalem\/#organization"},"alternateName":"Blog Indo Al\u00e9m","potentialAction":[{"@type":"SearchAction","target":{"@type":"EntryPoint","urlTemplate":"https:\/\/www.alaresinternet.com.br\/indoalem\/?s={search_term_string}"},"query-input":{"@type":"PropertyValueSpecification","valueRequired":true,"valueName":"search_term_string"}}],"inLanguage":"pt-BR"},{"@type":"Organization","@id":"https:\/\/www.alaresinternet.com.br\/indoalem\/#organization","name":"Alares Internet","url":"https:\/\/www.alaresinternet.com.br\/indoalem\/","logo":{"@type":"ImageObject","inLanguage":"pt-BR","@id":"https:\/\/www.alaresinternet.com.br\/indoalem\/#\/schema\/logo\/image\/","url":"https:\/\/www.alaresinternet.com.br\/indoalem\/wp-content\/uploads\/2024\/11\/cropped-Logo-Alares-1.webp","contentUrl":"https:\/\/www.alaresinternet.com.br\/indoalem\/wp-content\/uploads\/2024\/11\/cropped-Logo-Alares-1.webp","width":175,"height":53,"caption":"Alares Internet"},"image":{"@id":"https:\/\/www.alaresinternet.com.br\/indoalem\/#\/schema\/logo\/image\/"},"sameAs":["https:\/\/www.facebook.com\/alaresinternet","https:\/\/www.instagram.com\/alaresinternet\/","https:\/\/www.linkedin.com\/company\/alaresinternet","https:\/\/www.youtube.com\/channel\/UCFUdcbko0Jp9JNQaFO_dqhQ"]},{"@type":"Person","@id":"https:\/\/www.alaresinternet.com.br\/indoalem\/#\/schema\/person\/37d89ce8be4dd1ca5b1f5b57dca1f970","name":"Time Alares","image":{"@type":"ImageObject","inLanguage":"pt-BR","@id":"https:\/\/www.alaresinternet.com.br\/indoalem\/#\/schema\/person\/image\/","url":"https:\/\/secure.gravatar.com\/avatar\/0d140a46fecc93509d84ae0d1d56efa7?s=96&d=mm&r=g","contentUrl":"https:\/\/secure.gravatar.com\/avatar\/0d140a46fecc93509d84ae0d1d56efa7?s=96&d=mm&r=g","caption":"Time Alares"},"url":"https:\/\/www.alaresinternet.com.br\/indoalem\/author\/erika\/"}]}},"acf":{"descricao":"<em>Alares, que adquiriu a empresa em 2023, iniciar\u00e1 processo de transi\u00e7\u00e3o de marca em 1\u00ba de agosto.\u00a0<\/em>","banner_principal":6473,"banner_principal_mobile":6474,"tempo_de_leitura":"","is_app_post":false,"app_type":["b2c"],"banner_single":"","link_banner_single":""},"_links":{"self":[{"href":"https:\/\/www.alaresinternet.com.br\/indoalem\/wp-json\/wp\/v2\/posts\/6471","targetHints":{"allow":["GET"]}}],"collection":[{"href":"https:\/\/www.alaresinternet.com.br\/indoalem\/wp-json\/wp\/v2\/posts"}],"about":[{"href":"https:\/\/www.alaresinternet.com.br\/indoalem\/wp-json\/wp\/v2\/types\/post"}],"author":[{"embeddable":true,"href":"https:\/\/www.alaresinternet.com.br\/indoalem\/wp-json\/wp\/v2\/users\/4"}],"replies":[{"embeddable":true,"href":"https:\/\/www.alaresinternet.com.br\/indoalem\/wp-json\/wp\/v2\/comments?post=6471"}],"version-history":[{"count":1,"href":"https:\/\/www.alaresinternet.com.br\/indoalem\/wp-json\/wp\/v2\/posts\/6471\/revisions"}],"predecessor-version":[{"id":6475,"href":"https:\/\/www.alaresinternet.com.br\/indoalem\/wp-json\/wp\/v2\/posts\/6471\/revisions\/6475"}],"wp:attachment":[{"href":"https:\/\/www.alaresinternet.com.br\/indoalem\/wp-json\/wp\/v2\/media?parent=6471"}],"wp:term":[{"taxonomy":"category","embeddable":true,"href":"https:\/\/www.alaresinternet.com.br\/indoalem\/wp-json\/wp\/v2\/categories?post=6471"},{"taxonomy":"post_tag","embeddable":true,"href":"https:\/\/www.alaresinternet.com.br\/indoalem\/wp-json\/wp\/v2\/tags?post=6471"}],"curies":[{"name":"wp","href":"https:\/\/api.w.org\/{rel}","templated":true}]}}