{"id":6618,"date":"2025-07-01T18:59:31","date_gmt":"2025-07-01T18:59:31","guid":{"rendered":"https:\/\/www.alaresinternet.com.br\/indoalem\/?p=6618"},"modified":"2025-07-01T19:33:18","modified_gmt":"2025-07-01T19:33:18","slug":"alares-reinaugura-loja-em-mococa","status":"publish","type":"post","link":"https:\/\/www.alaresinternet.com.br\/indoalem\/alares-em-foco\/alares-reinaugura-loja-em-mococa\/","title":{"rendered":"Em Mococa: Alares reinaugura loja em nova localiza\u00e7\u00e3o"},"content":{"rendered":"<p><em><strong>Em ponto central da cidade, o espa\u00e7o traz modernidade e facilidades para os clientes<\/strong><\/em><\/p>\n<p><strong>S\u00e3o Paulo, junho de 2025<\/strong> &#8211; A <a href=\"https:\/\/www.alaresinternet.com.br\/\">Alares<\/a>, principal provedor de internet banda larga de Mococa (SP), vai mudar de endere\u00e7o na cidade a partir do dia<strong> 3 de julho<\/strong>, com inaugura\u00e7\u00e3o de uma nova loja no centro do munic\u00edpio. A mudan\u00e7a faz parte do compromisso da empresa em investir continuamente na melhoria da experi\u00eancia do cliente, que busca um atendimento de excel\u00eancia, agora em uma localiza\u00e7\u00e3o ainda melhor.<\/p>\n<p>O evento de inaugura\u00e7\u00e3o contar\u00e1 com brindes personalizados para quem visitar a loja. O hor\u00e1rio de funcionamento permanece o mesmo, de segunda a sexta, das 9h \u00e0s 18h, e aos s\u00e1bados, das 8h \u00e0s 12h.<\/p>\n<p>\u201cEstar presente nas localidades onde atuamos, oferecendo a melhor experi\u00eancia aos nossos clientes, \u00e9 nossa forma de construir rela\u00e7\u00f5es de confian\u00e7a e proximidade com as comunidades para entender e atender suas necessidades espec\u00edficas\u201d, comenta <strong>Anderson Oliveira, Diretor Comercial da Alares<\/strong>.<\/p>\n<p><strong>Reinaugura\u00e7\u00e3o Loja Alares em Mococa, SP<\/strong><\/p>\n<p><strong>Data:<\/strong> 3 de julho de 2025 (quinta-feira)<br \/>\n<strong>Hor\u00e1rio:<\/strong> Das 9h \u00e0s 18h<br \/>\n<strong>Endere\u00e7o:<\/strong> Rua XV de Novembro, 280 &#8211; Centro (ao lado da farm\u00e1cia Drogal)<\/p>\n","protected":false},"excerpt":{"rendered":"<p>Em ponto central da cidade, o espa\u00e7o traz modernidade e facilidades para os clientes S\u00e3o Paulo, junho de 2025 &#8211; A Alares, principal provedor de internet banda larga de Mococa (SP), vai mudar de endere\u00e7o na cidade a partir do dia 3 de julho, com inaugura\u00e7\u00e3o de uma nova loja no centro do munic\u00edpio. A [&hellip;]<\/p>\n","protected":false},"author":4,"featured_media":0,"comment_status":"open","ping_status":"open","sticky":false,"template":"","format":"standard","meta":{"footnotes":""},"categories":[12],"tags":[],"class_list":["post-6618","post","type-post","status-publish","format-standard","hentry","category-alares-em-foco"],"yoast_head":"<!-- This site is optimized with the Yoast SEO plugin v25.2 - https:\/\/yoast.com\/wordpress\/plugins\/seo\/ -->\n<title>Em Mococa: Alares reinaugura loja em nova localiza\u00e7\u00e3o | Alares<\/title>\n<meta name=\"robots\" content=\"index, follow, max-snippet:-1, max-image-preview:large, max-video-preview:-1\" \/>\n<link rel=\"canonical\" href=\"https:\/\/www.alaresinternet.com.br\/indoalem\/alares-em-foco\/alares-reinaugura-loja-em-mococa\/\" \/>\n<meta property=\"og:locale\" content=\"pt_BR\" \/>\n<meta property=\"og:type\" content=\"article\" \/>\n<meta property=\"og:title\" content=\"Em Mococa: Alares reinaugura loja em nova localiza\u00e7\u00e3o | Alares\" \/>\n<meta property=\"og:description\" content=\"Em ponto central da cidade, o espa\u00e7o traz modernidade e facilidades para os clientes S\u00e3o Paulo, junho de 2025 &#8211; A Alares, principal provedor de internet banda larga de Mococa (SP), vai mudar de endere\u00e7o na cidade a partir do dia 3 de julho, com inaugura\u00e7\u00e3o de uma nova loja no centro do munic\u00edpio. A [&hellip;]\" \/>\n<meta property=\"og:url\" content=\"https:\/\/www.alaresinternet.com.br\/indoalem\/alares-em-foco\/alares-reinaugura-loja-em-mococa\/\" \/>\n<meta property=\"og:site_name\" content=\"blog-alares\" \/>\n<meta property=\"article:publisher\" content=\"https:\/\/www.facebook.com\/alaresinternet\" \/>\n<meta property=\"article:published_time\" content=\"2025-07-01T18:59:31+00:00\" \/>\n<meta property=\"article:modified_time\" content=\"2025-07-01T19:33:18+00:00\" \/>\n<meta property=\"og:image\" content=\"https:\/\/www.alaresinternet.com.br\/indoalem\/wp-content\/uploads\/2024\/12\/banner-blog-alares.png.webp\" \/>\n\t<meta property=\"og:image:width\" content=\"1200\" \/>\n\t<meta property=\"og:image:height\" content=\"675\" \/>\n\t<meta property=\"og:image:type\" content=\"image\/png\" \/>\n<meta name=\"author\" content=\"Time Alares\" \/>\n<meta name=\"twitter:card\" content=\"summary_large_image\" \/>\n<meta name=\"twitter:label1\" content=\"Escrito por\" \/>\n\t<meta name=\"twitter:data1\" content=\"Time Alares\" \/>\n\t<meta name=\"twitter:label2\" content=\"Est. tempo de leitura\" \/>\n\t<meta name=\"twitter:data2\" content=\"2 minutos\" \/>\n<script type=\"application\/ld+json\" class=\"yoast-schema-graph\">{\"@context\":\"https:\/\/schema.org\",\"@graph\":[{\"@type\":\"Article\",\"@id\":\"https:\/\/www.alaresinternet.com.br\/indoalem\/alares-em-foco\/alares-reinaugura-loja-em-mococa\/#article\",\"isPartOf\":{\"@id\":\"https:\/\/www.alaresinternet.com.br\/indoalem\/alares-em-foco\/alares-reinaugura-loja-em-mococa\/\"},\"author\":{\"name\":\"Time Alares\",\"@id\":\"https:\/\/www.alaresinternet.com.br\/indoalem\/#\/schema\/person\/37d89ce8be4dd1ca5b1f5b57dca1f970\"},\"headline\":\"Em Mococa: Alares reinaugura loja em nova localiza\u00e7\u00e3o\",\"datePublished\":\"2025-07-01T18:59:31+00:00\",\"dateModified\":\"2025-07-01T19:33:18+00:00\",\"mainEntityOfPage\":{\"@id\":\"https:\/\/www.alaresinternet.com.br\/indoalem\/alares-em-foco\/alares-reinaugura-loja-em-mococa\/\"},\"wordCount\":212,\"commentCount\":0,\"publisher\":{\"@id\":\"https:\/\/www.alaresinternet.com.br\/indoalem\/#organization\"},\"articleSection\":[\"Alares em Foco\"],\"inLanguage\":\"pt-BR\",\"potentialAction\":[{\"@type\":\"CommentAction\",\"name\":\"Comment\",\"target\":[\"https:\/\/www.alaresinternet.com.br\/indoalem\/alares-em-foco\/alares-reinaugura-loja-em-mococa\/#respond\"]}]},{\"@type\":\"WebPage\",\"@id\":\"https:\/\/www.alaresinternet.com.br\/indoalem\/alares-em-foco\/alares-reinaugura-loja-em-mococa\/\",\"url\":\"https:\/\/www.alaresinternet.com.br\/indoalem\/alares-em-foco\/alares-reinaugura-loja-em-mococa\/\",\"name\":\"Em Mococa: Alares reinaugura loja em nova localiza\u00e7\u00e3o | Alares\",\"isPartOf\":{\"@id\":\"https:\/\/www.alaresinternet.com.br\/indoalem\/#website\"},\"datePublished\":\"2025-07-01T18:59:31+00:00\",\"dateModified\":\"2025-07-01T19:33:18+00:00\",\"breadcrumb\":{\"@id\":\"https:\/\/www.alaresinternet.com.br\/indoalem\/alares-em-foco\/alares-reinaugura-loja-em-mococa\/#breadcrumb\"},\"inLanguage\":\"pt-BR\",\"potentialAction\":[{\"@type\":\"ReadAction\",\"target\":[\"https:\/\/www.alaresinternet.com.br\/indoalem\/alares-em-foco\/alares-reinaugura-loja-em-mococa\/\"]}]},{\"@type\":\"BreadcrumbList\",\"@id\":\"https:\/\/www.alaresinternet.com.br\/indoalem\/alares-em-foco\/alares-reinaugura-loja-em-mococa\/#breadcrumb\",\"itemListElement\":[{\"@type\":\"ListItem\",\"position\":1,\"name\":\"In\u00edcio\",\"item\":\"https:\/\/www.alaresinternet.com.br\/indoalem\/\"},{\"@type\":\"ListItem\",\"position\":2,\"name\":\"Alares em Foco\",\"item\":\"https:\/\/www.alaresinternet.com.br\/indoalem\/alares-em-foco\/\"},{\"@type\":\"ListItem\",\"position\":3,\"name\":\"Em Mococa: Alares reinaugura loja em nova localiza\u00e7\u00e3o\"}]},{\"@type\":\"WebSite\",\"@id\":\"https:\/\/www.alaresinternet.com.br\/indoalem\/#website\",\"url\":\"https:\/\/www.alaresinternet.com.br\/indoalem\/\",\"name\":\"Blog Indo Al\u00e9m - Alares Internet\",\"description\":\"No Blog Indo Al\u00e9m, dicas, tend\u00eancias e novidades sobre internet, seguran\u00e7a, tecnologia e inova\u00e7\u00e3o para voc\u00ea aproveitar ao m\u00e1ximo o mundo digital.\",\"publisher\":{\"@id\":\"https:\/\/www.alaresinternet.com.br\/indoalem\/#organization\"},\"alternateName\":\"Blog Indo Al\u00e9m\",\"potentialAction\":[{\"@type\":\"SearchAction\",\"target\":{\"@type\":\"EntryPoint\",\"urlTemplate\":\"https:\/\/www.alaresinternet.com.br\/indoalem\/?s={search_term_string}\"},\"query-input\":{\"@type\":\"PropertyValueSpecification\",\"valueRequired\":true,\"valueName\":\"search_term_string\"}}],\"inLanguage\":\"pt-BR\"},{\"@type\":\"Organization\",\"@id\":\"https:\/\/www.alaresinternet.com.br\/indoalem\/#organization\",\"name\":\"Alares Internet\",\"url\":\"https:\/\/www.alaresinternet.com.br\/indoalem\/\",\"logo\":{\"@type\":\"ImageObject\",\"inLanguage\":\"pt-BR\",\"@id\":\"https:\/\/www.alaresinternet.com.br\/indoalem\/#\/schema\/logo\/image\/\",\"url\":\"https:\/\/www.alaresinternet.com.br\/indoalem\/wp-content\/uploads\/2024\/11\/cropped-Logo-Alares-1.webp\",\"contentUrl\":\"https:\/\/www.alaresinternet.com.br\/indoalem\/wp-content\/uploads\/2024\/11\/cropped-Logo-Alares-1.webp\",\"width\":175,\"height\":53,\"caption\":\"Alares Internet\"},\"image\":{\"@id\":\"https:\/\/www.alaresinternet.com.br\/indoalem\/#\/schema\/logo\/image\/\"},\"sameAs\":[\"https:\/\/www.facebook.com\/alaresinternet\",\"https:\/\/www.instagram.com\/alaresinternet\/\",\"https:\/\/www.linkedin.com\/company\/alaresinternet\",\"https:\/\/www.youtube.com\/channel\/UCFUdcbko0Jp9JNQaFO_dqhQ\"]},{\"@type\":\"Person\",\"@id\":\"https:\/\/www.alaresinternet.com.br\/indoalem\/#\/schema\/person\/37d89ce8be4dd1ca5b1f5b57dca1f970\",\"name\":\"Time Alares\",\"image\":{\"@type\":\"ImageObject\",\"inLanguage\":\"pt-BR\",\"@id\":\"https:\/\/www.alaresinternet.com.br\/indoalem\/#\/schema\/person\/image\/\",\"url\":\"https:\/\/secure.gravatar.com\/avatar\/0d140a46fecc93509d84ae0d1d56efa7?s=96&d=mm&r=g\",\"contentUrl\":\"https:\/\/secure.gravatar.com\/avatar\/0d140a46fecc93509d84ae0d1d56efa7?s=96&d=mm&r=g\",\"caption\":\"Time Alares\"},\"url\":\"https:\/\/www.alaresinternet.com.br\/indoalem\/author\/erika\/\"}]}<\/script>\n<!-- \/ Yoast SEO plugin. -->","yoast_head_json":{"title":"Em Mococa: Alares reinaugura loja em nova localiza\u00e7\u00e3o | Alares","robots":{"index":"index","follow":"follow","max-snippet":"max-snippet:-1","max-image-preview":"max-image-preview:large","max-video-preview":"max-video-preview:-1"},"canonical":"https:\/\/www.alaresinternet.com.br\/indoalem\/alares-em-foco\/alares-reinaugura-loja-em-mococa\/","og_locale":"pt_BR","og_type":"article","og_title":"Em Mococa: Alares reinaugura loja em nova localiza\u00e7\u00e3o | Alares","og_description":"Em ponto central da cidade, o espa\u00e7o traz modernidade e facilidades para os clientes S\u00e3o Paulo, junho de 2025 &#8211; A Alares, principal provedor de internet banda larga de Mococa (SP), vai mudar de endere\u00e7o na cidade a partir do dia 3 de julho, com inaugura\u00e7\u00e3o de uma nova loja no centro do munic\u00edpio. A [&hellip;]","og_url":"https:\/\/www.alaresinternet.com.br\/indoalem\/alares-em-foco\/alares-reinaugura-loja-em-mococa\/","og_site_name":"blog-alares","article_publisher":"https:\/\/www.facebook.com\/alaresinternet","article_published_time":"2025-07-01T18:59:31+00:00","article_modified_time":"2025-07-01T19:33:18+00:00","og_image":[{"width":1200,"height":675,"url":"https:\/\/www.alaresinternet.com.br\/indoalem\/wp-content\/uploads\/2024\/12\/banner-blog-alares.png.webp","type":"image\/png"}],"author":"Time Alares","twitter_card":"summary_large_image","twitter_misc":{"Escrito por":"Time Alares","Est. tempo de leitura":"2 minutos"},"schema":{"@context":"https:\/\/schema.org","@graph":[{"@type":"Article","@id":"https:\/\/www.alaresinternet.com.br\/indoalem\/alares-em-foco\/alares-reinaugura-loja-em-mococa\/#article","isPartOf":{"@id":"https:\/\/www.alaresinternet.com.br\/indoalem\/alares-em-foco\/alares-reinaugura-loja-em-mococa\/"},"author":{"name":"Time Alares","@id":"https:\/\/www.alaresinternet.com.br\/indoalem\/#\/schema\/person\/37d89ce8be4dd1ca5b1f5b57dca1f970"},"headline":"Em Mococa: Alares reinaugura loja em nova localiza\u00e7\u00e3o","datePublished":"2025-07-01T18:59:31+00:00","dateModified":"2025-07-01T19:33:18+00:00","mainEntityOfPage":{"@id":"https:\/\/www.alaresinternet.com.br\/indoalem\/alares-em-foco\/alares-reinaugura-loja-em-mococa\/"},"wordCount":212,"commentCount":0,"publisher":{"@id":"https:\/\/www.alaresinternet.com.br\/indoalem\/#organization"},"articleSection":["Alares em Foco"],"inLanguage":"pt-BR","potentialAction":[{"@type":"CommentAction","name":"Comment","target":["https:\/\/www.alaresinternet.com.br\/indoalem\/alares-em-foco\/alares-reinaugura-loja-em-mococa\/#respond"]}]},{"@type":"WebPage","@id":"https:\/\/www.alaresinternet.com.br\/indoalem\/alares-em-foco\/alares-reinaugura-loja-em-mococa\/","url":"https:\/\/www.alaresinternet.com.br\/indoalem\/alares-em-foco\/alares-reinaugura-loja-em-mococa\/","name":"Em Mococa: Alares reinaugura loja em nova localiza\u00e7\u00e3o | Alares","isPartOf":{"@id":"https:\/\/www.alaresinternet.com.br\/indoalem\/#website"},"datePublished":"2025-07-01T18:59:31+00:00","dateModified":"2025-07-01T19:33:18+00:00","breadcrumb":{"@id":"https:\/\/www.alaresinternet.com.br\/indoalem\/alares-em-foco\/alares-reinaugura-loja-em-mococa\/#breadcrumb"},"inLanguage":"pt-BR","potentialAction":[{"@type":"ReadAction","target":["https:\/\/www.alaresinternet.com.br\/indoalem\/alares-em-foco\/alares-reinaugura-loja-em-mococa\/"]}]},{"@type":"BreadcrumbList","@id":"https:\/\/www.alaresinternet.com.br\/indoalem\/alares-em-foco\/alares-reinaugura-loja-em-mococa\/#breadcrumb","itemListElement":[{"@type":"ListItem","position":1,"name":"In\u00edcio","item":"https:\/\/www.alaresinternet.com.br\/indoalem\/"},{"@type":"ListItem","position":2,"name":"Alares em Foco","item":"https:\/\/www.alaresinternet.com.br\/indoalem\/alares-em-foco\/"},{"@type":"ListItem","position":3,"name":"Em Mococa: Alares reinaugura loja em nova localiza\u00e7\u00e3o"}]},{"@type":"WebSite","@id":"https:\/\/www.alaresinternet.com.br\/indoalem\/#website","url":"https:\/\/www.alaresinternet.com.br\/indoalem\/","name":"Blog Indo Al\u00e9m - Alares Internet","description":"No Blog Indo Al\u00e9m, dicas, tend\u00eancias e novidades sobre internet, seguran\u00e7a, tecnologia e inova\u00e7\u00e3o para voc\u00ea aproveitar ao m\u00e1ximo o mundo digital.","publisher":{"@id":"https:\/\/www.alaresinternet.com.br\/indoalem\/#organization"},"alternateName":"Blog Indo Al\u00e9m","potentialAction":[{"@type":"SearchAction","target":{"@type":"EntryPoint","urlTemplate":"https:\/\/www.alaresinternet.com.br\/indoalem\/?s={search_term_string}"},"query-input":{"@type":"PropertyValueSpecification","valueRequired":true,"valueName":"search_term_string"}}],"inLanguage":"pt-BR"},{"@type":"Organization","@id":"https:\/\/www.alaresinternet.com.br\/indoalem\/#organization","name":"Alares Internet","url":"https:\/\/www.alaresinternet.com.br\/indoalem\/","logo":{"@type":"ImageObject","inLanguage":"pt-BR","@id":"https:\/\/www.alaresinternet.com.br\/indoalem\/#\/schema\/logo\/image\/","url":"https:\/\/www.alaresinternet.com.br\/indoalem\/wp-content\/uploads\/2024\/11\/cropped-Logo-Alares-1.webp","contentUrl":"https:\/\/www.alaresinternet.com.br\/indoalem\/wp-content\/uploads\/2024\/11\/cropped-Logo-Alares-1.webp","width":175,"height":53,"caption":"Alares Internet"},"image":{"@id":"https:\/\/www.alaresinternet.com.br\/indoalem\/#\/schema\/logo\/image\/"},"sameAs":["https:\/\/www.facebook.com\/alaresinternet","https:\/\/www.instagram.com\/alaresinternet\/","https:\/\/www.linkedin.com\/company\/alaresinternet","https:\/\/www.youtube.com\/channel\/UCFUdcbko0Jp9JNQaFO_dqhQ"]},{"@type":"Person","@id":"https:\/\/www.alaresinternet.com.br\/indoalem\/#\/schema\/person\/37d89ce8be4dd1ca5b1f5b57dca1f970","name":"Time Alares","image":{"@type":"ImageObject","inLanguage":"pt-BR","@id":"https:\/\/www.alaresinternet.com.br\/indoalem\/#\/schema\/person\/image\/","url":"https:\/\/secure.gravatar.com\/avatar\/0d140a46fecc93509d84ae0d1d56efa7?s=96&d=mm&r=g","contentUrl":"https:\/\/secure.gravatar.com\/avatar\/0d140a46fecc93509d84ae0d1d56efa7?s=96&d=mm&r=g","caption":"Time Alares"},"url":"https:\/\/www.alaresinternet.com.br\/indoalem\/author\/erika\/"}]}},"acf":{"descricao":"A <a href=\"https:\/\/www.alaresinternet.com.br\/\">Alares<\/a>, principal provedor de internet banda larga de Mococa (SP), vai mudar de endere\u00e7o na cidade a partir do dia 3 de julho, com inaugura\u00e7\u00e3o de uma nova loja no centro do munic\u00edpio.","banner_principal":6620,"banner_principal_mobile":6621,"tempo_de_leitura":"","is_app_post":false,"app_type":["b2c"],"banner_single":"","link_banner_single":""},"_links":{"self":[{"href":"https:\/\/www.alaresinternet.com.br\/indoalem\/wp-json\/wp\/v2\/posts\/6618","targetHints":{"allow":["GET"]}}],"collection":[{"href":"https:\/\/www.alaresinternet.com.br\/indoalem\/wp-json\/wp\/v2\/posts"}],"about":[{"href":"https:\/\/www.alaresinternet.com.br\/indoalem\/wp-json\/wp\/v2\/types\/post"}],"author":[{"embeddable":true,"href":"https:\/\/www.alaresinternet.com.br\/indoalem\/wp-json\/wp\/v2\/users\/4"}],"replies":[{"embeddable":true,"href":"https:\/\/www.alaresinternet.com.br\/indoalem\/wp-json\/wp\/v2\/comments?post=6618"}],"version-history":[{"count":4,"href":"https:\/\/www.alaresinternet.com.br\/indoalem\/wp-json\/wp\/v2\/posts\/6618\/revisions"}],"predecessor-version":[{"id":6625,"href":"https:\/\/www.alaresinternet.com.br\/indoalem\/wp-json\/wp\/v2\/posts\/6618\/revisions\/6625"}],"wp:attachment":[{"href":"https:\/\/www.alaresinternet.com.br\/indoalem\/wp-json\/wp\/v2\/media?parent=6618"}],"wp:term":[{"taxonomy":"category","embeddable":true,"href":"https:\/\/www.alaresinternet.com.br\/indoalem\/wp-json\/wp\/v2\/categories?post=6618"},{"taxonomy":"post_tag","embeddable":true,"href":"https:\/\/www.alaresinternet.com.br\/indoalem\/wp-json\/wp\/v2\/tags?post=6618"}],"curies":[{"name":"wp","href":"https:\/\/api.w.org\/{rel}","templated":true}]}}