{"id":7752,"date":"2025-12-01T12:00:57","date_gmt":"2025-12-01T12:00:57","guid":{"rendered":"https:\/\/www.alaresinternet.com.br\/indoalem\/?p=7752"},"modified":"2025-12-04T19:43:57","modified_gmt":"2025-12-04T19:43:57","slug":"carnatal-2025","status":"publish","type":"post","link":"https:\/\/www.alaresinternet.com.br\/indoalem\/alares-em-foco\/carnatal-2025\/","title":{"rendered":"Alares refor\u00e7a presen\u00e7a no Rio Grande do Norte com patroc\u00ednio ao Carnatal e destaca investimento na nova sede em Natal"},"content":{"rendered":"<p>A <a href=\"https:\/\/alaresinternet.com.br\/\" target=\"_blank\" rel=\"noopener\">Alares<\/a>, operadora de telecomunica\u00e7\u00f5es sediada em S\u00e3o Paulo (SP) e presente em 233 cidades de sete estados brasileiros, anuncia mais um ano de participa\u00e7\u00e3o como patrocinadora e internet oficial do Carnatal. O maior carnaval fora de \u00e9poca do pa\u00eds ser\u00e1 realizado de 5 a 7 de dezembro, na Arena das Dunas, em Natal (RN) com uma programa\u00e7\u00e3o que inclui 36 horas de festa e 16 atra\u00e7\u00f5es musicais. Este ser\u00e1 o 17\u00ba ano consecutivo de patroc\u00ednio da empresa ao evento, refor\u00e7ando o compromisso da Alares com o Rio Grande do Norte e, especialmente, com a capital potiguar.<\/p>\n<p>A Alares ser\u00e1 respons\u00e1vel por toda a infraestrutura de conex\u00e3o do Carnatal, atrav\u00e9s de fibra \u00f3ptica e Wi-Fi 7, garantindo internet de alta performance para palcos, sistemas de som, bilheteria, m\u00e1quinas de pagamento, pain\u00e9is de LED e transmiss\u00f5es de r\u00e1dio e TV. Os foli\u00f5es tamb\u00e9m contar\u00e3o com Wi-Fi gratuito em \u00e1reas definidas da festa.<\/p>\n<blockquote><p>\u201cO Rio Grande do Norte \u00e9 uma parte essencial da nossa opera\u00e7\u00e3o. Investimos continuamente no estado, inclusive nas <strong>recentes reformas da nossa sede e loja em Natal<\/strong>, para receber ainda melhor os clientes e proporcionar mais conforto aos colaboradores. Estar mais uma vez no Carnatal \u00e9 tamb\u00e9m <strong>celebrar essa parceria com o potiguar<\/strong>. Nossa presen\u00e7a vai al\u00e9m da infraestrutura t\u00e9cnica: garantimos a fluidez do evento e criamos momentos de conex\u00e3o real entre as pessoas, pois sabemos que a festa cria muitas oportunidades de entretenimento&#8221;, afirma Denis Ferreira, CEO da Alares.<\/p><\/blockquote>\n<p><strong>Ativa\u00e7\u00f5es que aproximam pessoas \u2014 <\/strong>Neste ano, a Alares marca presen\u00e7a com um espa\u00e7o especial na Concentra\u00e7\u00e3o e no Camarote Skol, dedicado ao Alares Play, a plataforma de streaming rec\u00e9m-lan\u00e7ada pela empresa. O ambiente re\u00fane ativa\u00e7\u00f5es que expressam o prop\u00f3sito da marca: promover conex\u00e3o entre as pessoas.<\/p>\n<p>A principal experi\u00eancia <strong>conectar\u00e1 esses dois pontos da Arena das Dunas por meio de chamada de v\u00eddeo<\/strong>, convidando os foli\u00f5es a interagirem com desconhecidos e premiando os participantes com brindes exclusivos. A intera\u00e7\u00e3o ser\u00e1 transmitida em tel\u00e3o, demonstrando a qualidade da rede e incentivando conex\u00f5es reais.<\/p>\n<p>No mesmo espa\u00e7o, haver\u00e1 ainda <strong>Esta\u00e7\u00e3o de Glitter<\/strong>, distribui\u00e7\u00e3o de tatuagens tempor\u00e1rias e uma segunda din\u00e2mica de intera\u00e7\u00e3o entre o p\u00fablico, com um cen\u00e1rio instagram\u00e1vel onde os foli\u00f5es poder\u00e3o ser fotografados para aparecer no tel\u00e3o da Alares.<\/p>\n<p>Al\u00e9m do tradicional <strong>Camarote<\/strong> <strong>Alares Experience<\/strong>, a empresa ter\u00e1 presen\u00e7a no <strong>Camarote dos S\u00edndicos<\/strong>, que receber\u00e1 mais de 250 participantes por dia e contar\u00e1 com demonstra\u00e7\u00f5es de <strong>Solu\u00e7\u00f5es Inteligentes<\/strong>, como leitor facial na entrada e c\u00e2mera t\u00e9rmica com transmiss\u00e3o no tel\u00e3o.<\/p>\n<p>No <strong>Corredor da Folia<\/strong>, dois blocos de desfilantes levar\u00e3o a marca Alares. Promotoras acompanhar\u00e3o o trajeto com faixas e ativa\u00e7\u00f5es junto ao p\u00fablico, ampliando a visibilidade da marca nos camarotes e nas transmiss\u00f5es oficiais.<\/p>\n<h2>Alares &#8211; Refer\u00eancia em Internet no Rio Grande do Norte<\/h2>\n<p>Atualmente, a Alares atende <strong>13 cidades no RN<\/strong>, com <strong>12 lojas <\/strong>f\u00edsicas. S\u00e3o mais de <strong>155 mil<\/strong> assinantes, sendo <strong>76 mil apenas em Natal<\/strong>, al\u00e9m de <strong>550 colaboradores<\/strong> na opera\u00e7\u00e3o local.<\/p>\n<p>Em novembro de 2025, a empresa reinaugurou <strong>sua sede e loja em Natal<\/strong>, no bairro da Candel\u00e1ria, que passou por uma ampla reforma. O novo espa\u00e7o oferece um ambiente administrativo modernizado, conceito premium de atendimento, \u00e1rea de coworking aberta ao p\u00fablico e ilha de experimenta\u00e7\u00e3o interativa com produtos como o Alares Play e outros servi\u00e7os. O investimento refor\u00e7a o compromisso da operadora em estar cada vez mais pr\u00f3xima dos clientes potiguares.<\/p>\n","protected":false},"excerpt":{"rendered":"<p>A Alares, operadora de telecomunica\u00e7\u00f5es sediada em S\u00e3o Paulo (SP) e presente em 233 cidades de sete estados brasileiros, anuncia mais um ano de participa\u00e7\u00e3o como patrocinadora e internet oficial do Carnatal. O maior carnaval fora de \u00e9poca do pa\u00eds ser\u00e1 realizado de 5 a 7 de dezembro, na Arena das Dunas, em Natal (RN) [&hellip;]<\/p>\n","protected":false},"author":20,"featured_media":7797,"comment_status":"open","ping_status":"open","sticky":false,"template":"","format":"standard","meta":{"footnotes":""},"categories":[12],"tags":[],"class_list":["post-7752","post","type-post","status-publish","format-standard","has-post-thumbnail","hentry","category-alares-em-foco"],"yoast_head":"<!-- This site is optimized with the Yoast SEO plugin v25.2 - https:\/\/yoast.com\/wordpress\/plugins\/seo\/ -->\n<title>Alares refor\u00e7a presen\u00e7a no Rio Grande do Norte com patroc\u00ednio ao Carnatal<\/title>\n<meta name=\"description\" content=\"Alares refor\u00e7a presen\u00e7a no Rio Grande do Norte por mais um ano sendo patrocinador oficial do Carnatal. Saiba quando ocorre o evento esse ano\" \/>\n<meta name=\"robots\" content=\"index, follow, max-snippet:-1, max-image-preview:large, max-video-preview:-1\" \/>\n<link rel=\"canonical\" href=\"https:\/\/www.alaresinternet.com.br\/indoalem\/alares-em-foco\/carnatal-2025\/\" \/>\n<meta property=\"og:locale\" content=\"pt_BR\" \/>\n<meta property=\"og:type\" content=\"article\" \/>\n<meta property=\"og:title\" content=\"Alares refor\u00e7a presen\u00e7a no Rio Grande do Norte com patroc\u00ednio ao Carnatal\" \/>\n<meta property=\"og:description\" content=\"Alares refor\u00e7a presen\u00e7a no Rio Grande do Norte por mais um ano sendo patrocinador oficial do Carnatal. Saiba quando ocorre o evento esse ano\" \/>\n<meta property=\"og:url\" content=\"https:\/\/www.alaresinternet.com.br\/indoalem\/alares-em-foco\/carnatal-2025\/\" \/>\n<meta property=\"og:site_name\" content=\"blog-alares\" \/>\n<meta property=\"article:publisher\" content=\"https:\/\/www.facebook.com\/alaresinternet\" \/>\n<meta property=\"article:published_time\" content=\"2025-12-01T12:00:57+00:00\" \/>\n<meta property=\"article:modified_time\" content=\"2025-12-04T19:43:57+00:00\" \/>\n<meta property=\"og:image\" content=\"https:\/\/www.alaresinternet.com.br\/indoalem\/wp-content\/uploads\/2025\/11\/carnatal-2025-evento-1024x576.png\" \/>\n\t<meta property=\"og:image:width\" content=\"1024\" \/>\n\t<meta property=\"og:image:height\" content=\"576\" \/>\n\t<meta property=\"og:image:type\" content=\"image\/png\" \/>\n<meta name=\"author\" content=\"Time Alares\" \/>\n<meta name=\"twitter:card\" content=\"summary_large_image\" \/>\n<meta name=\"twitter:label1\" content=\"Escrito por\" \/>\n\t<meta name=\"twitter:data1\" content=\"Time Alares\" \/>\n\t<meta name=\"twitter:label2\" content=\"Est. tempo de leitura\" \/>\n\t<meta name=\"twitter:data2\" content=\"3 minutos\" \/>\n<script type=\"application\/ld+json\" class=\"yoast-schema-graph\">{\"@context\":\"https:\/\/schema.org\",\"@graph\":[{\"@type\":\"Article\",\"@id\":\"https:\/\/www.alaresinternet.com.br\/indoalem\/alares-em-foco\/carnatal-2025\/#article\",\"isPartOf\":{\"@id\":\"https:\/\/www.alaresinternet.com.br\/indoalem\/alares-em-foco\/carnatal-2025\/\"},\"author\":{\"name\":\"Time Alares\",\"@id\":\"https:\/\/www.alaresinternet.com.br\/indoalem\/#\/schema\/person\/ab5abdb96d399201eb7512c2bff56546\"},\"headline\":\"Alares refor\u00e7a presen\u00e7a no Rio Grande do Norte com patroc\u00ednio ao Carnatal e destaca investimento na nova sede em Natal\",\"datePublished\":\"2025-12-01T12:00:57+00:00\",\"dateModified\":\"2025-12-04T19:43:57+00:00\",\"mainEntityOfPage\":{\"@id\":\"https:\/\/www.alaresinternet.com.br\/indoalem\/alares-em-foco\/carnatal-2025\/\"},\"wordCount\":642,\"commentCount\":0,\"publisher\":{\"@id\":\"https:\/\/www.alaresinternet.com.br\/indoalem\/#organization\"},\"image\":{\"@id\":\"https:\/\/www.alaresinternet.com.br\/indoalem\/alares-em-foco\/carnatal-2025\/#primaryimage\"},\"thumbnailUrl\":\"https:\/\/www.alaresinternet.com.br\/indoalem\/wp-content\/uploads\/2025\/11\/carnatal-2025-evento.png.webp\",\"articleSection\":[\"Alares em Foco\"],\"inLanguage\":\"pt-BR\",\"potentialAction\":[{\"@type\":\"CommentAction\",\"name\":\"Comment\",\"target\":[\"https:\/\/www.alaresinternet.com.br\/indoalem\/alares-em-foco\/carnatal-2025\/#respond\"]}]},{\"@type\":\"WebPage\",\"@id\":\"https:\/\/www.alaresinternet.com.br\/indoalem\/alares-em-foco\/carnatal-2025\/\",\"url\":\"https:\/\/www.alaresinternet.com.br\/indoalem\/alares-em-foco\/carnatal-2025\/\",\"name\":\"Alares refor\u00e7a presen\u00e7a no Rio Grande do Norte com patroc\u00ednio ao Carnatal\",\"isPartOf\":{\"@id\":\"https:\/\/www.alaresinternet.com.br\/indoalem\/#website\"},\"primaryImageOfPage\":{\"@id\":\"https:\/\/www.alaresinternet.com.br\/indoalem\/alares-em-foco\/carnatal-2025\/#primaryimage\"},\"image\":{\"@id\":\"https:\/\/www.alaresinternet.com.br\/indoalem\/alares-em-foco\/carnatal-2025\/#primaryimage\"},\"thumbnailUrl\":\"https:\/\/www.alaresinternet.com.br\/indoalem\/wp-content\/uploads\/2025\/11\/carnatal-2025-evento.png.webp\",\"datePublished\":\"2025-12-01T12:00:57+00:00\",\"dateModified\":\"2025-12-04T19:43:57+00:00\",\"description\":\"Alares refor\u00e7a presen\u00e7a no Rio Grande do Norte por mais um ano sendo patrocinador oficial do Carnatal. Saiba quando ocorre o evento esse ano\",\"breadcrumb\":{\"@id\":\"https:\/\/www.alaresinternet.com.br\/indoalem\/alares-em-foco\/carnatal-2025\/#breadcrumb\"},\"inLanguage\":\"pt-BR\",\"potentialAction\":[{\"@type\":\"ReadAction\",\"target\":[\"https:\/\/www.alaresinternet.com.br\/indoalem\/alares-em-foco\/carnatal-2025\/\"]}]},{\"@type\":\"ImageObject\",\"inLanguage\":\"pt-BR\",\"@id\":\"https:\/\/www.alaresinternet.com.br\/indoalem\/alares-em-foco\/carnatal-2025\/#primaryimage\",\"url\":\"https:\/\/www.alaresinternet.com.br\/indoalem\/wp-content\/uploads\/2025\/11\/carnatal-2025-evento.png.webp\",\"contentUrl\":\"https:\/\/www.alaresinternet.com.br\/indoalem\/wp-content\/uploads\/2025\/11\/carnatal-2025-evento.png.webp\",\"width\":1600,\"height\":900,\"caption\":\"Carnatal 2025 Evento\"},{\"@type\":\"BreadcrumbList\",\"@id\":\"https:\/\/www.alaresinternet.com.br\/indoalem\/alares-em-foco\/carnatal-2025\/#breadcrumb\",\"itemListElement\":[{\"@type\":\"ListItem\",\"position\":1,\"name\":\"In\u00edcio\",\"item\":\"https:\/\/www.alaresinternet.com.br\/indoalem\/\"},{\"@type\":\"ListItem\",\"position\":2,\"name\":\"Alares em Foco\",\"item\":\"https:\/\/www.alaresinternet.com.br\/indoalem\/alares-em-foco\/\"},{\"@type\":\"ListItem\",\"position\":3,\"name\":\"Alares refor\u00e7a presen\u00e7a no Rio Grande do Norte com patroc\u00ednio ao Carnatal e destaca investimento na nova sede em Natal\"}]},{\"@type\":\"WebSite\",\"@id\":\"https:\/\/www.alaresinternet.com.br\/indoalem\/#website\",\"url\":\"https:\/\/www.alaresinternet.com.br\/indoalem\/\",\"name\":\"Blog Indo Al\u00e9m - Alares Internet\",\"description\":\"No Blog Indo Al\u00e9m, dicas, tend\u00eancias e novidades sobre internet, seguran\u00e7a, tecnologia e inova\u00e7\u00e3o para voc\u00ea aproveitar ao m\u00e1ximo o mundo digital.\",\"publisher\":{\"@id\":\"https:\/\/www.alaresinternet.com.br\/indoalem\/#organization\"},\"alternateName\":\"Blog Indo Al\u00e9m\",\"potentialAction\":[{\"@type\":\"SearchAction\",\"target\":{\"@type\":\"EntryPoint\",\"urlTemplate\":\"https:\/\/www.alaresinternet.com.br\/indoalem\/?s={search_term_string}\"},\"query-input\":{\"@type\":\"PropertyValueSpecification\",\"valueRequired\":true,\"valueName\":\"search_term_string\"}}],\"inLanguage\":\"pt-BR\"},{\"@type\":\"Organization\",\"@id\":\"https:\/\/www.alaresinternet.com.br\/indoalem\/#organization\",\"name\":\"Alares Internet\",\"url\":\"https:\/\/www.alaresinternet.com.br\/indoalem\/\",\"logo\":{\"@type\":\"ImageObject\",\"inLanguage\":\"pt-BR\",\"@id\":\"https:\/\/www.alaresinternet.com.br\/indoalem\/#\/schema\/logo\/image\/\",\"url\":\"https:\/\/www.alaresinternet.com.br\/indoalem\/wp-content\/uploads\/2024\/11\/cropped-Logo-Alares-1.webp\",\"contentUrl\":\"https:\/\/www.alaresinternet.com.br\/indoalem\/wp-content\/uploads\/2024\/11\/cropped-Logo-Alares-1.webp\",\"width\":175,\"height\":53,\"caption\":\"Alares Internet\"},\"image\":{\"@id\":\"https:\/\/www.alaresinternet.com.br\/indoalem\/#\/schema\/logo\/image\/\"},\"sameAs\":[\"https:\/\/www.facebook.com\/alaresinternet\",\"https:\/\/www.instagram.com\/alaresinternet\/\",\"https:\/\/www.linkedin.com\/company\/alaresinternet\",\"https:\/\/www.youtube.com\/channel\/UCFUdcbko0Jp9JNQaFO_dqhQ\"]},{\"@type\":\"Person\",\"@id\":\"https:\/\/www.alaresinternet.com.br\/indoalem\/#\/schema\/person\/ab5abdb96d399201eb7512c2bff56546\",\"name\":\"Time Alares\",\"image\":{\"@type\":\"ImageObject\",\"inLanguage\":\"pt-BR\",\"@id\":\"https:\/\/www.alaresinternet.com.br\/indoalem\/#\/schema\/person\/image\/\",\"url\":\"https:\/\/secure.gravatar.com\/avatar\/02d69ac5a42262201538107c0967cddd?s=96&d=mm&r=g\",\"contentUrl\":\"https:\/\/secure.gravatar.com\/avatar\/02d69ac5a42262201538107c0967cddd?s=96&d=mm&r=g\",\"caption\":\"Time Alares\"},\"url\":\"https:\/\/www.alaresinternet.com.br\/indoalem\/author\/isabel-silva\/\"}]}<\/script>\n<!-- \/ Yoast SEO plugin. -->","yoast_head_json":{"title":"Alares refor\u00e7a presen\u00e7a no Rio Grande do Norte com patroc\u00ednio ao Carnatal","description":"Alares refor\u00e7a presen\u00e7a no Rio Grande do Norte por mais um ano sendo patrocinador oficial do Carnatal. Saiba quando ocorre o evento esse ano","robots":{"index":"index","follow":"follow","max-snippet":"max-snippet:-1","max-image-preview":"max-image-preview:large","max-video-preview":"max-video-preview:-1"},"canonical":"https:\/\/www.alaresinternet.com.br\/indoalem\/alares-em-foco\/carnatal-2025\/","og_locale":"pt_BR","og_type":"article","og_title":"Alares refor\u00e7a presen\u00e7a no Rio Grande do Norte com patroc\u00ednio ao Carnatal","og_description":"Alares refor\u00e7a presen\u00e7a no Rio Grande do Norte por mais um ano sendo patrocinador oficial do Carnatal. Saiba quando ocorre o evento esse ano","og_url":"https:\/\/www.alaresinternet.com.br\/indoalem\/alares-em-foco\/carnatal-2025\/","og_site_name":"blog-alares","article_publisher":"https:\/\/www.facebook.com\/alaresinternet","article_published_time":"2025-12-01T12:00:57+00:00","article_modified_time":"2025-12-04T19:43:57+00:00","og_image":[{"width":1024,"height":576,"url":"https:\/\/www.alaresinternet.com.br\/indoalem\/wp-content\/uploads\/2025\/11\/carnatal-2025-evento-1024x576.png","type":"image\/png"}],"author":"Time Alares","twitter_card":"summary_large_image","twitter_misc":{"Escrito por":"Time Alares","Est. tempo de leitura":"3 minutos"},"schema":{"@context":"https:\/\/schema.org","@graph":[{"@type":"Article","@id":"https:\/\/www.alaresinternet.com.br\/indoalem\/alares-em-foco\/carnatal-2025\/#article","isPartOf":{"@id":"https:\/\/www.alaresinternet.com.br\/indoalem\/alares-em-foco\/carnatal-2025\/"},"author":{"name":"Time Alares","@id":"https:\/\/www.alaresinternet.com.br\/indoalem\/#\/schema\/person\/ab5abdb96d399201eb7512c2bff56546"},"headline":"Alares refor\u00e7a presen\u00e7a no Rio Grande do Norte com patroc\u00ednio ao Carnatal e destaca investimento na nova sede em Natal","datePublished":"2025-12-01T12:00:57+00:00","dateModified":"2025-12-04T19:43:57+00:00","mainEntityOfPage":{"@id":"https:\/\/www.alaresinternet.com.br\/indoalem\/alares-em-foco\/carnatal-2025\/"},"wordCount":642,"commentCount":0,"publisher":{"@id":"https:\/\/www.alaresinternet.com.br\/indoalem\/#organization"},"image":{"@id":"https:\/\/www.alaresinternet.com.br\/indoalem\/alares-em-foco\/carnatal-2025\/#primaryimage"},"thumbnailUrl":"https:\/\/www.alaresinternet.com.br\/indoalem\/wp-content\/uploads\/2025\/11\/carnatal-2025-evento.png.webp","articleSection":["Alares em Foco"],"inLanguage":"pt-BR","potentialAction":[{"@type":"CommentAction","name":"Comment","target":["https:\/\/www.alaresinternet.com.br\/indoalem\/alares-em-foco\/carnatal-2025\/#respond"]}]},{"@type":"WebPage","@id":"https:\/\/www.alaresinternet.com.br\/indoalem\/alares-em-foco\/carnatal-2025\/","url":"https:\/\/www.alaresinternet.com.br\/indoalem\/alares-em-foco\/carnatal-2025\/","name":"Alares refor\u00e7a presen\u00e7a no Rio Grande do Norte com patroc\u00ednio ao Carnatal","isPartOf":{"@id":"https:\/\/www.alaresinternet.com.br\/indoalem\/#website"},"primaryImageOfPage":{"@id":"https:\/\/www.alaresinternet.com.br\/indoalem\/alares-em-foco\/carnatal-2025\/#primaryimage"},"image":{"@id":"https:\/\/www.alaresinternet.com.br\/indoalem\/alares-em-foco\/carnatal-2025\/#primaryimage"},"thumbnailUrl":"https:\/\/www.alaresinternet.com.br\/indoalem\/wp-content\/uploads\/2025\/11\/carnatal-2025-evento.png.webp","datePublished":"2025-12-01T12:00:57+00:00","dateModified":"2025-12-04T19:43:57+00:00","description":"Alares refor\u00e7a presen\u00e7a no Rio Grande do Norte por mais um ano sendo patrocinador oficial do Carnatal. Saiba quando ocorre o evento esse ano","breadcrumb":{"@id":"https:\/\/www.alaresinternet.com.br\/indoalem\/alares-em-foco\/carnatal-2025\/#breadcrumb"},"inLanguage":"pt-BR","potentialAction":[{"@type":"ReadAction","target":["https:\/\/www.alaresinternet.com.br\/indoalem\/alares-em-foco\/carnatal-2025\/"]}]},{"@type":"ImageObject","inLanguage":"pt-BR","@id":"https:\/\/www.alaresinternet.com.br\/indoalem\/alares-em-foco\/carnatal-2025\/#primaryimage","url":"https:\/\/www.alaresinternet.com.br\/indoalem\/wp-content\/uploads\/2025\/11\/carnatal-2025-evento.png.webp","contentUrl":"https:\/\/www.alaresinternet.com.br\/indoalem\/wp-content\/uploads\/2025\/11\/carnatal-2025-evento.png.webp","width":1600,"height":900,"caption":"Carnatal 2025 Evento"},{"@type":"BreadcrumbList","@id":"https:\/\/www.alaresinternet.com.br\/indoalem\/alares-em-foco\/carnatal-2025\/#breadcrumb","itemListElement":[{"@type":"ListItem","position":1,"name":"In\u00edcio","item":"https:\/\/www.alaresinternet.com.br\/indoalem\/"},{"@type":"ListItem","position":2,"name":"Alares em Foco","item":"https:\/\/www.alaresinternet.com.br\/indoalem\/alares-em-foco\/"},{"@type":"ListItem","position":3,"name":"Alares refor\u00e7a presen\u00e7a no Rio Grande do Norte com patroc\u00ednio ao Carnatal e destaca investimento na nova sede em Natal"}]},{"@type":"WebSite","@id":"https:\/\/www.alaresinternet.com.br\/indoalem\/#website","url":"https:\/\/www.alaresinternet.com.br\/indoalem\/","name":"Blog Indo Al\u00e9m - Alares Internet","description":"No Blog Indo Al\u00e9m, dicas, tend\u00eancias e novidades sobre internet, seguran\u00e7a, tecnologia e inova\u00e7\u00e3o para voc\u00ea aproveitar ao m\u00e1ximo o mundo digital.","publisher":{"@id":"https:\/\/www.alaresinternet.com.br\/indoalem\/#organization"},"alternateName":"Blog Indo Al\u00e9m","potentialAction":[{"@type":"SearchAction","target":{"@type":"EntryPoint","urlTemplate":"https:\/\/www.alaresinternet.com.br\/indoalem\/?s={search_term_string}"},"query-input":{"@type":"PropertyValueSpecification","valueRequired":true,"valueName":"search_term_string"}}],"inLanguage":"pt-BR"},{"@type":"Organization","@id":"https:\/\/www.alaresinternet.com.br\/indoalem\/#organization","name":"Alares Internet","url":"https:\/\/www.alaresinternet.com.br\/indoalem\/","logo":{"@type":"ImageObject","inLanguage":"pt-BR","@id":"https:\/\/www.alaresinternet.com.br\/indoalem\/#\/schema\/logo\/image\/","url":"https:\/\/www.alaresinternet.com.br\/indoalem\/wp-content\/uploads\/2024\/11\/cropped-Logo-Alares-1.webp","contentUrl":"https:\/\/www.alaresinternet.com.br\/indoalem\/wp-content\/uploads\/2024\/11\/cropped-Logo-Alares-1.webp","width":175,"height":53,"caption":"Alares Internet"},"image":{"@id":"https:\/\/www.alaresinternet.com.br\/indoalem\/#\/schema\/logo\/image\/"},"sameAs":["https:\/\/www.facebook.com\/alaresinternet","https:\/\/www.instagram.com\/alaresinternet\/","https:\/\/www.linkedin.com\/company\/alaresinternet","https:\/\/www.youtube.com\/channel\/UCFUdcbko0Jp9JNQaFO_dqhQ"]},{"@type":"Person","@id":"https:\/\/www.alaresinternet.com.br\/indoalem\/#\/schema\/person\/ab5abdb96d399201eb7512c2bff56546","name":"Time Alares","image":{"@type":"ImageObject","inLanguage":"pt-BR","@id":"https:\/\/www.alaresinternet.com.br\/indoalem\/#\/schema\/person\/image\/","url":"https:\/\/secure.gravatar.com\/avatar\/02d69ac5a42262201538107c0967cddd?s=96&d=mm&r=g","contentUrl":"https:\/\/secure.gravatar.com\/avatar\/02d69ac5a42262201538107c0967cddd?s=96&d=mm&r=g","caption":"Time Alares"},"url":"https:\/\/www.alaresinternet.com.br\/indoalem\/author\/isabel-silva\/"}]}},"acf":{"descricao":"Operadora patrocina o maior carnaval fora de \u00e9poca do Brasil por 17 anos, e levar\u00e1 entretenimento e conectividade para aproximar os foli\u00f5es por mais um ano.","banner_principal":7797,"banner_principal_mobile":7797,"tempo_de_leitura":"","is_app_post":false,"app_type":["b2c"],"banner_single":"","link_banner_single":""},"_links":{"self":[{"href":"https:\/\/www.alaresinternet.com.br\/indoalem\/wp-json\/wp\/v2\/posts\/7752","targetHints":{"allow":["GET"]}}],"collection":[{"href":"https:\/\/www.alaresinternet.com.br\/indoalem\/wp-json\/wp\/v2\/posts"}],"about":[{"href":"https:\/\/www.alaresinternet.com.br\/indoalem\/wp-json\/wp\/v2\/types\/post"}],"author":[{"embeddable":true,"href":"https:\/\/www.alaresinternet.com.br\/indoalem\/wp-json\/wp\/v2\/users\/20"}],"replies":[{"embeddable":true,"href":"https:\/\/www.alaresinternet.com.br\/indoalem\/wp-json\/wp\/v2\/comments?post=7752"}],"version-history":[{"count":5,"href":"https:\/\/www.alaresinternet.com.br\/indoalem\/wp-json\/wp\/v2\/posts\/7752\/revisions"}],"predecessor-version":[{"id":7811,"href":"https:\/\/www.alaresinternet.com.br\/indoalem\/wp-json\/wp\/v2\/posts\/7752\/revisions\/7811"}],"wp:featuredmedia":[{"embeddable":true,"href":"https:\/\/www.alaresinternet.com.br\/indoalem\/wp-json\/wp\/v2\/media\/7797"}],"wp:attachment":[{"href":"https:\/\/www.alaresinternet.com.br\/indoalem\/wp-json\/wp\/v2\/media?parent=7752"}],"wp:term":[{"taxonomy":"category","embeddable":true,"href":"https:\/\/www.alaresinternet.com.br\/indoalem\/wp-json\/wp\/v2\/categories?post=7752"},{"taxonomy":"post_tag","embeddable":true,"href":"https:\/\/www.alaresinternet.com.br\/indoalem\/wp-json\/wp\/v2\/tags?post=7752"}],"curies":[{"name":"wp","href":"https:\/\/api.w.org\/{rel}","templated":true}]}}